{"id":1403,"date":"2020-04-10T11:00:55","date_gmt":"2020-04-10T10:00:55","guid":{"rendered":"https:\/\/dev.culturalgijonesa.org\/cruciar-el-rubicon-y-si-nos-dexen-tamien-el-rin\/"},"modified":"2020-04-10T11:00:55","modified_gmt":"2020-04-10T10:00:55","slug":"cruciar-el-rubicon-y-si-nos-dexen-tamien-el-rin","status":"publish","type":"post","link":"https:\/\/www.culturalgijonesa.org\/ast\/cruciar-el-rubicon-y-si-nos-dexen-tamien-el-rin\/","title":{"rendered":"Cruciar el Rubic\u00f3n (y si nos dexen tami\u00e9n el Rin)"},"content":{"rendered":"<p class=\"autor\"><strong>Adri\u00e1n Arias<\/strong>,\u00a0 expresidente de FAV-Xix\u00f3n y, angua\u00f1o, asesor de la Delegaci\u00f3n d&#8217;IU-GUE\/NGL nel Parlamentu Europ\u00e9u.<\/p>\n<p>D&#8217;ente les cifres, testimonios y noticies catastr\u00f3fiques que tamos viendo estes selmanes sobre tolo relacionao col coronavirus, imp\u00fasose un alderique con fuerza cia y va siguir seguramente nes pr\u00f3simes selmanes: \u00bfqu\u00e9 mid\u00edes se van tomar dende les instituciones europees pa responder a la crisis que y\u00e1 nos afecta?.<\/p>\n<p>Falar de la Uni\u00f3n Europea ye siempre enguedeyao porque&#8217;l xigante con pies de barru que sup\u00f3n les diferentes instituciones que conviven dientro lo que llamamos UE ye eso y los sos mecanismos de funcionamientu ent\u00e1 m\u00e1s. Quien sea a diferenciar con clarid\u00e1 les competencies y funcionamientu del Europarlamentu, Conseyu, Comisi\u00f3n o Eurogrupu habr\u00eda tener un t\u00edtulu oficial darreo. Anque la burocracia europea seya insultante, angua\u00f1o ye l&#8217;esquema sobre&#8217;l que&#8217;l nuestru presente y futuru se debate.<\/p>\n<h3><strong>\u00bfQu\u00e9 se t\u00e1 debatiendo n&#8217;Europa?<\/strong><\/h3>\n<p>A grandes rasgos los pa\u00edses de la UE debaten en diferentes conceyos c\u00f3mo facer frente de manera \u201ccoordinada\u201d a la crisis econ\u00f3mica que va afectar a toles sociedaes europees. Y lo preocupante ye que en cueenta facelo en t\u00e9rminos de solidarid\u00e1, unid\u00e1 y xuntanza, lo que llega ye que lo faen coles mesmes zunes de la crisis anterior en 2008. O lo que ye lo mesmo, an\u00e9ciase en construyir otra vuelta un escenariu socioecon\u00f3micu asim\u00e9tricu y desigual ente los pa\u00edses del Norte \u2013 lo que los analistas nomen\u00a0 <em>liga hanse\u00e1tica <\/em>\u2013 y les periferies del Sur d&#8217;Europa (ente los que tar\u00eden Portugal, Espa\u00f1a, Italia, Grecia).<\/p>\n<p>Los gobiernos alem\u00e1n y holand\u00e9s, fundamentalmente pero non s\u00f3lo, pretenden que como ocurriera en 2008, sus estables modelos socioecon\u00f3micos contin\u00faen acumulando poder y desarrollu a costa de fundir otra vez\u00a0 a los pa\u00edses del Sur en una nueva crisis de delda, imposiciones de reformes estructurales y deterioru del\u00a0 so merc\u00e1u productivu. Al tiempu, Italia, Portugal o Espa\u00f1a resistense a esa opci\u00f3n.<\/p>\n<p>Los mecanismos en disputa son per un llau los llamaos coronabonos \u2013 emisiones de delda conxunta y mutualizada per parte de tolos pa\u00edses de la UE \u2013 que supondr\u00eden una ferramienta afechisca \u00e9nte los m\u00e1s que probables ataques financieros de los especuladores a les primes de riesgu de los estaos del Sur. Colos veintisiete emitiendo coronabonos diba ser percomplicao ver las im\u00e1xenes macroecon\u00f3mices que se vieron na crisis anterior.<\/p>\n<p>Y per otru, la puesta en marcha de midies econ\u00f3miques espansivas, intervenci\u00f3n directa de sectores estrat\u00e9xicos de la econom\u00eda de los Estaos y un conxuntu de mid\u00edes d&#8217;estimulu que completar\u00eden un \u201cnew deal\u201d \u2013 alcuerdo nuevu\u2013 a escala europea. Esta opci\u00f3n ye la que t\u00e1n defendiendo pa\u00edses como Italia, Portugal o m\u00e1s suave Espa\u00f1a col nome de Plan de Reconstrucci\u00f3n Europ\u00e9u. Pela otra banda, Alemania, Austria y Holanda apuesten por ayudar a la zona euro con ferramientes como&#8217;l MEDE (Mecanismu Europ\u00e9u d&#8217;Estabilid\u00e1).<\/p>\n<p>Usar el MEDE t\u00e1 confirmao, pero diba ser un \u201c<em>dejavu<\/em>\u201d de les recetes del 2012 que y\u00e1 conocemos. La <em>realpolitik<\/em> europea nun quier que nenguna econom\u00eda europea funda, pero a cambiu va buscar imponer una versi\u00f3n \u201c<em>light<\/em>\u201d de la vuelta de \u201clos homes de negro\u201d y los MOU \u2013 memor\u00e1ndum d&#8217;entendimientu \u2013 que suponen de facto&#8217;l control de la soberan\u00eda econ\u00f3mica del pa\u00eds que recibe tala ayuda. Nun volver\u00e1 la Troika pero <em>los halcones <\/em>nun van renunciar a mediu y llargu plazu a condicionantes, daqu\u00e9 inaceptable dafechu.<\/p>\n<h3><strong>Un escenariu peligroso, la UE a piques de la bipolarid\u00e1 <\/strong><\/h3>\n<p>F\u00edxose mui viral en redes sociales la rempuesta del primer ministru portugu\u00e9s, Antonio Costa, al discursu y les esixencies que dende Holanda \u2013 como portavoz radical d&#8217;eses posiciones &#8211; se faen nel sen del Eurogrupu: \u201crepugnante, inconsciente dafechu y mezquinu\u201d. Nun s&#8217;aveza a sentir nin a lleer a mandatarios europeos falar con esa dureza en p\u00fablico \u2013 nun podemos imaxinar lo que se dicen en priv\u00e1u -, anque los tiempos que vivimos lo pidan. Tami\u00e9n foi sorprendente la reciente editorial de la revista alemana <em>Der Spigel<\/em> acusando al so gobiernu de \u201cmezquino y s\u00f3rdidu guardian presupuestariu\u201d o llamando \u201ccoalici\u00f3n de eg\u00f3latras\u201d a los dirixentes europeos contrarios a la solidarid\u00e1 econ\u00f3mica.<\/p>\n<p>Lo que rezumen esos mensaxes y discursos ye l&#8217;escenariu al que nos enfrentamos si nun hai acuerdu de fondu. Una Uni\u00f3n Europea a piques de la bipolarid\u00e1, con un enfrentamientu abiertu ente&#8217;l Norte y el Sur pola busca d&#8217;ig\u00fces a la crisis econ\u00f3mica que trai l&#8217;andanciu&#8217;l coronavirus. Pesc\u00fadase muncho meyor coles palabres de Mark Rutte, mandatariu holand\u00e9s cuando calificaba qu&#8217;aceptar les mid\u00edes propuestes por Espa\u00f1a, Italia o Portugal diba ser \u201ccruciar el Rubic\u00f3n\u201d.<\/p>\n<p>Curiosa met\u00e1fora hist\u00f3rica qu&#8217;evoca la midida tomada por Xulio C\u00e9sar cuando al mandu de sus lexones vadi\u00f3&#8217;l peque\u00f1u r\u00edu Rubic\u00f3n, que marcaba la llende ente Roma y la Galia, para enfrentare al Sen\u00e1u romanu. Cuando Rutte utiliza esa espresi\u00f3n quier plantegar que si se tomen mid\u00edes espansivas, trataos como Maastricht y tola ortodoxa econ\u00f3mica europea esmucir\u00edense. Tamos falando d&#8217;a\u00f1os de teor\u00eda econ\u00f3mica y de la l\u00f3xica aplastante de los mecanismos de control europeos saltando pelos aires. Diba ser andar a una Uni\u00f3n Europea que nun esiste, nun t\u00e1 nos trataos y qu&#8217;ellos nun quieren. Y esa ye l&#8217;aut\u00e9ntica certeza, esi sua\u00f1u europ\u00e9u nun esiste.<\/p>\n<p>Si Portugal, Espa\u00f1a o Italia no consiguen vencer en esta batalla, aunque sea de manera parcial, no hay vuelta atr\u00e1s. Se debe cruzar el Rubic\u00f3n y si hace falta el rio Rin. Si en una situaci\u00f3n tan absolutamente extraordinaria y de crisis como esta la UE no consigue acertar, no har\u00e1n falta las legiones romanas.<\/p>\n","protected":false},"excerpt":{"rendered":"<p>Adri\u00e1n Arias,\u00a0 expresidente de FAV-Xix\u00f3n y, angua\u00f1o, asesor de la Delegaci\u00f3n d&#8217;IU-GUE\/NGL nel Parlamentu Europ\u00e9u. D&#8217;ente les cifres, testimonios y noticies catastr\u00f3fiques que tamos viendo estes selmanes sobre tolo relacionao col coronavirus, imp\u00fasose un alderique con fuerza cia y va siguir seguramente nes pr\u00f3simes selmanes: \u00bfqu\u00e9 mid\u00edes se van tomar dende les instituciones europees pa [&hellip;]<\/p>\n","protected":false},"author":1,"featured_media":1402,"comment_status":"open","ping_status":"open","sticky":false,"template":"","format":"standard","meta":{"_et_pb_use_builder":"","_et_pb_old_content":"","_et_gb_content_width":"","_vp_format_video_url":"","_vp_image_focal_point":[],"footnotes":""},"categories":[170],"tags":[],"class_list":["post-1403","post","type-post","status-publish","format-standard","has-post-thumbnail","hentry","category-opinion-ast"],"aioseo_notices":[],"_links":{"self":[{"href":"https:\/\/www.culturalgijonesa.org\/ast\/wp-json\/wp\/v2\/posts\/1403","targetHints":{"allow":["GET"]}}],"collection":[{"href":"https:\/\/www.culturalgijonesa.org\/ast\/wp-json\/wp\/v2\/posts"}],"about":[{"href":"https:\/\/www.culturalgijonesa.org\/ast\/wp-json\/wp\/v2\/types\/post"}],"author":[{"embeddable":true,"href":"https:\/\/www.culturalgijonesa.org\/ast\/wp-json\/wp\/v2\/users\/1"}],"replies":[{"embeddable":true,"href":"https:\/\/www.culturalgijonesa.org\/ast\/wp-json\/wp\/v2\/comments?post=1403"}],"version-history":[{"count":0,"href":"https:\/\/www.culturalgijonesa.org\/ast\/wp-json\/wp\/v2\/posts\/1403\/revisions"}],"wp:featuredmedia":[{"embeddable":true,"href":"https:\/\/www.culturalgijonesa.org\/ast\/wp-json\/wp\/v2\/media\/1402"}],"wp:attachment":[{"href":"https:\/\/www.culturalgijonesa.org\/ast\/wp-json\/wp\/v2\/media?parent=1403"}],"wp:term":[{"taxonomy":"category","embeddable":true,"href":"https:\/\/www.culturalgijonesa.org\/ast\/wp-json\/wp\/v2\/categories?post=1403"},{"taxonomy":"post_tag","embeddable":true,"href":"https:\/\/www.culturalgijonesa.org\/ast\/wp-json\/wp\/v2\/tags?post=1403"}],"curies":[{"name":"wp","href":"https:\/\/api.w.org\/{rel}","templated":true}]}}