{"id":1572,"date":"2020-08-04T17:41:06","date_gmt":"2020-08-04T16:41:06","guid":{"rendered":"https:\/\/dev.culturalgijonesa.org\/la-cultural-apoyal-cambiu-de-nome-de-lavenida-de-juan-carlos-i\/"},"modified":"2020-08-04T17:41:06","modified_gmt":"2020-08-04T16:41:06","slug":"la-cultural-apoyal-cambiu-de-nome-de-lavenida-de-juan-carlos-i","status":"publish","type":"post","link":"https:\/\/www.culturalgijonesa.org\/ast\/la-cultural-apoyal-cambiu-de-nome-de-lavenida-de-juan-carlos-i\/","title":{"rendered":"La Cultural apoya&#8217;l cambiu de nome de l&#8217;Avenida de Juan Carlos I"},"content":{"rendered":"<p>Dende la Socied\u00e1 Cultural Xixonesa queremos espresar el nuestru apoyu dafechu a la iniciativa entamada por Asturias Socialista, y soscrita por delles entidaes culturales, sociales, sindicales y pol\u00edtiques de Xix\u00f3n, pa la sustituci\u00f3n del nome de l&#8217;Avenida Juan Carlos I del caleyeru de la nuestra ciud\u00e1.<\/p>\n<p>Una ciudad como Xix\u00f3n nun puede consentir qu&#8217;una persona investigada xudicialmente por\u00a0 delitos presuntamente comet\u00edos de corrupci\u00f3n y evasi\u00f3n fiscal enforma graves, qu&#8217;am\u00e1s con car\u00e1cter continu\u00e1u, ostente l&#8217;honor de tener una avenida col so nome.<\/p>\n<p>Poro, consideramos que&#8217;l conceyu de Xix\u00f3n ha entamar darreo&#8217;l procesu pa la eliminaci\u00f3n de la so denominaci\u00f3n actual, contando pa ello cola m\u00e1xima participaci\u00f3n de les asociaciones vecinales implicaes, faciendo por evitar les posibles molesties qu&#8217;un cambiu tan necesariu pudiera trayer pa los vecinos que representen.<\/p>\n<p style=\"text-align: right;\">Xix\u00f3n, 4 de Agosto de 2020.<br \/>\n<strong>Xunta directiva de la Socied\u00e1 Cultural Xixonesa<\/strong><\/p>\n","protected":false},"excerpt":{"rendered":"<p>Dende la Socied\u00e1 Cultural Xixonesa queremos espresar el nuestru apoyu dafechu a la iniciativa entamada por Asturias Socialista, y soscrita por delles entidaes culturales, sociales, sindicales y pol\u00edtiques de Xix\u00f3n, pa la sustituci\u00f3n del nome de l&#8217;Avenida Juan Carlos I del caleyeru de la nuestra ciud\u00e1. Una ciudad como Xix\u00f3n nun puede consentir qu&#8217;una persona [&hellip;]<\/p>\n","protected":false},"author":1,"featured_media":1570,"comment_status":"open","ping_status":"open","sticky":false,"template":"","format":"standard","meta":{"_et_pb_use_builder":"","_et_pb_old_content":"","_et_gb_content_width":"","_vp_format_video_url":"","_vp_image_focal_point":[],"footnotes":""},"categories":[158,234],"tags":[],"class_list":["post-1572","post","type-post","status-publish","format-standard","has-post-thumbnail","hentry","category-actualidad-ast","category-xixon-ast"],"aioseo_notices":[],"_links":{"self":[{"href":"https:\/\/www.culturalgijonesa.org\/ast\/wp-json\/wp\/v2\/posts\/1572","targetHints":{"allow":["GET"]}}],"collection":[{"href":"https:\/\/www.culturalgijonesa.org\/ast\/wp-json\/wp\/v2\/posts"}],"about":[{"href":"https:\/\/www.culturalgijonesa.org\/ast\/wp-json\/wp\/v2\/types\/post"}],"author":[{"embeddable":true,"href":"https:\/\/www.culturalgijonesa.org\/ast\/wp-json\/wp\/v2\/users\/1"}],"replies":[{"embeddable":true,"href":"https:\/\/www.culturalgijonesa.org\/ast\/wp-json\/wp\/v2\/comments?post=1572"}],"version-history":[{"count":0,"href":"https:\/\/www.culturalgijonesa.org\/ast\/wp-json\/wp\/v2\/posts\/1572\/revisions"}],"wp:featuredmedia":[{"embeddable":true,"href":"https:\/\/www.culturalgijonesa.org\/ast\/wp-json\/wp\/v2\/media\/1570"}],"wp:attachment":[{"href":"https:\/\/www.culturalgijonesa.org\/ast\/wp-json\/wp\/v2\/media?parent=1572"}],"wp:term":[{"taxonomy":"category","embeddable":true,"href":"https:\/\/www.culturalgijonesa.org\/ast\/wp-json\/wp\/v2\/categories?post=1572"},{"taxonomy":"post_tag","embeddable":true,"href":"https:\/\/www.culturalgijonesa.org\/ast\/wp-json\/wp\/v2\/tags?post=1572"}],"curies":[{"name":"wp","href":"https:\/\/api.w.org\/{rel}","templated":true}]}}