{"id":1648,"date":"2020-09-23T12:53:10","date_gmt":"2020-09-23T11:53:10","guid":{"rendered":"https:\/\/dev.culturalgijonesa.org\/la-cultura-apoya-la-accion-global-pol-clima\/"},"modified":"2020-09-23T12:53:10","modified_gmt":"2020-09-23T11:53:10","slug":"la-cultura-apoya-la-accion-global-pol-clima","status":"publish","type":"post","link":"https:\/\/www.culturalgijonesa.org\/ast\/la-cultura-apoya-la-accion-global-pol-clima\/","title":{"rendered":"La Cultura apoya la Acci\u00f3n global pol clima"},"content":{"rendered":"<p>La Socied\u00e1 Cultural Xixonesa apoya la manifestaci\u00f3n de <em><strong>Acci\u00f3n Global Pol Clima<\/strong><\/em> en favor d&#8217;una transici\u00f3n ecol\u00f3xica y social xusta, que va celebrase&#8217;l vienres d\u00eda 25 de Setiembre n&#8217;Uvi\u00e9u.<\/p>\n<p>G\u00fcei m\u00e1s que nunca ye imprescindible avanzar hacia un modelu de desarrollu sostenible tanto social como ecol\u00f3xicamente que sea quien a venceyar socied\u00e1 m\u00e1s xusta con un modelu de desarrollu compatible col mediu ambiente y qu&#8217;afronte la necesaria transici\u00f3n a un modelu enerx\u00e9ticu qu&#8217;amenorgue de manera urxente les emisiones de CO2 col env\u00eds de tornar les desastrosas consecuencies del cambiu clim\u00e1ticu.<\/p>\n<p>Nos encontramos ante una urgencia tanto en lo social como en el \u00e1mbito medioambiental, que precisa del compromiso de todos los gobiernos y de la ciudadan\u00eda.<\/p>\n","protected":false},"excerpt":{"rendered":"<p>La Socied\u00e1 Cultural Xixonesa apoya la manifestaci\u00f3n de Acci\u00f3n Global Pol Clima en favor d&#8217;una transici\u00f3n ecol\u00f3xica y social xusta, que va celebrase&#8217;l vienres d\u00eda 25 de Setiembre n&#8217;Uvi\u00e9u. G\u00fcei m\u00e1s que nunca ye imprescindible avanzar hacia un modelu de desarrollu sostenible tanto social como ecol\u00f3xicamente que sea quien a venceyar socied\u00e1 m\u00e1s xusta con [&hellip;]<\/p>\n","protected":false},"author":1,"featured_media":1646,"comment_status":"open","ping_status":"open","sticky":false,"template":"","format":"standard","meta":{"_et_pb_use_builder":"","_et_pb_old_content":"","_et_gb_content_width":"","_vp_format_video_url":"","_vp_image_focal_point":[],"footnotes":""},"categories":[158],"tags":[],"class_list":["post-1648","post","type-post","status-publish","format-standard","has-post-thumbnail","hentry","category-actualidad-ast"],"aioseo_notices":[],"_links":{"self":[{"href":"https:\/\/www.culturalgijonesa.org\/ast\/wp-json\/wp\/v2\/posts\/1648","targetHints":{"allow":["GET"]}}],"collection":[{"href":"https:\/\/www.culturalgijonesa.org\/ast\/wp-json\/wp\/v2\/posts"}],"about":[{"href":"https:\/\/www.culturalgijonesa.org\/ast\/wp-json\/wp\/v2\/types\/post"}],"author":[{"embeddable":true,"href":"https:\/\/www.culturalgijonesa.org\/ast\/wp-json\/wp\/v2\/users\/1"}],"replies":[{"embeddable":true,"href":"https:\/\/www.culturalgijonesa.org\/ast\/wp-json\/wp\/v2\/comments?post=1648"}],"version-history":[{"count":0,"href":"https:\/\/www.culturalgijonesa.org\/ast\/wp-json\/wp\/v2\/posts\/1648\/revisions"}],"wp:featuredmedia":[{"embeddable":true,"href":"https:\/\/www.culturalgijonesa.org\/ast\/wp-json\/wp\/v2\/media\/1646"}],"wp:attachment":[{"href":"https:\/\/www.culturalgijonesa.org\/ast\/wp-json\/wp\/v2\/media?parent=1648"}],"wp:term":[{"taxonomy":"category","embeddable":true,"href":"https:\/\/www.culturalgijonesa.org\/ast\/wp-json\/wp\/v2\/categories?post=1648"},{"taxonomy":"post_tag","embeddable":true,"href":"https:\/\/www.culturalgijonesa.org\/ast\/wp-json\/wp\/v2\/tags?post=1648"}],"curies":[{"name":"wp","href":"https:\/\/api.w.org\/{rel}","templated":true}]}}