{"id":1657,"date":"2020-09-27T11:18:07","date_gmt":"2020-09-27T10:18:07","guid":{"rendered":"https:\/\/dev.culturalgijonesa.org\/?p=1657"},"modified":"2020-09-27T11:18:07","modified_gmt":"2020-09-27T10:18:07","slug":"esperando-la-belleza","status":"publish","type":"post","link":"https:\/\/www.culturalgijonesa.org\/ast\/esperando-la-belleza\/","title":{"rendered":"Esperando la belleza"},"content":{"rendered":"<p class=\"autor\"><strong>Iris D\u00edaz Trancho<\/strong> ye maestra y escritora<\/p>\n<p>Hasta hai quince d\u00edes nun sab\u00eda qu\u2019esistiere un tipu de nen\u00fafar llam\u00e1u <a href=\"https:\/\/plants.ces.ncsu.edu\/plants\/victoria-longwood-hybrid\/\">Victoria Longwood Hybrid<\/a>. La verd\u00e1 ye que siquiera tengo una peque\u00f1a idea d\u2019esti tipu de plantes. Nos xardinos que conozo los nen\u00fafares son un gastu impensable de mantenimientu y van apareyaos al condicionante de tener un \u201cestanque\u201d. Na casa familiar tenemos regatu y una zona de llamuerga na pumarada, pero evidentemente nun entra na nuestra idea tener \u201cestanque\u201d.<\/p>\n<p>Dicho esto ll\u00e1mame bastante l\u2019atenci\u00f3n pensar que llevo los \u00faltimos quince d\u00edes enganchada a la <a href=\"https:\/\/www.instagram.com\/rjbotanico\/\">cuenta d\u2019Instagram del Real Jard\u00edn Bot\u00e1nico de Madrid,<\/a> en cada moment\u00edn llibre pa mirar el m\u00f3vil, porque los responsables de redes sociales d\u2019esta maraviyosa instituci\u00f3n bot\u00e1nica tuvieron l\u2019aciertu de \u201c<em>radianos<\/em>\u201d la salida pausada y maxestuosa de la rara especie del estanque de nen\u00fafares tropicales.<\/p>\n<p>\u00bfSeremos los m\u00e1s de 30.000 seguidores d\u2019esta cuenta d\u2019equ\u00ed p\u2019alantre unos friquis de los nen\u00fafares o nam\u00e1s fueron quien a aprovechar la nuestra debilid\u00e1 pola belleza? Yo soi m\u00e1s partidaria de lo segundo, ye m\u00e1s, tiendo a pensar que l\u2019inter\u00e9s que xener\u00f3 esta floraci\u00f3n nun taba previamente determinao en forma de \u201c<em>campa\u00f1a de captaci\u00f3n bot\u00e1nica\u201d<\/em>, sin\u00f3n que fuimos les propies persones aficionaes les que demandamos esi minutu a minutu, les que marchamos en procesi\u00f3n al xard\u00edn coles nuestres c\u00e1mares, les que seguimos a cientos el directu del momentu esactu nel que por f\u00edn brot\u00f3.<\/p>\n<p><img loading=\"lazy\" decoding=\"async\" class=\"aligncenter size-full wp-image-1662\" src=\"https:\/\/dev.culturalgijonesa.org\/wp-content\/uploads\/2020\/09\/nenufar-botanico.jpg\" alt=\"Nenufar en el Jard\u00edn Bot\u00e1nico de Madrid\" width=\"1067\" height=\"1061\" srcset=\"https:\/\/dev.culturalgijonesa.org\/wp-content\/uploads\/2020\/09\/nenufar-botanico.jpg 1067w, https:\/\/dev.culturalgijonesa.org\/wp-content\/uploads\/2020\/09\/nenufar-botanico-980x974.jpg 980w, https:\/\/dev.culturalgijonesa.org\/wp-content\/uploads\/2020\/09\/nenufar-botanico-480x477.jpg 480w\" sizes=\"(min-width: 0px) and (max-width: 480px) 480px, (min-width: 481px) and (max-width: 980px) 980px, (min-width: 981px) 1067px, 100vw\" \/><\/p>\n<p>Cuando taba embarazada de la mio f\u00eda, y cambio de tema s\u00ed, aparentemente de manera brusca; sent\u00eda una gran ansied\u00e1 por conocer a la persona que taba xestando dientro\u2019l cuerpu. Yera una ansied\u00e1 preocupada, evidentemente, porque tuviere sana, porque \u00f1aciere bien, porque nun-y faltare neng\u00fan de los venti dedinos del cuerpu. Pero tami\u00e9n una ansied\u00e1 inducida por un contestu nel que cada vuelta tamos menos preparaos pa la espera.<\/p>\n<p>Hai unos a\u00f1os, tando de maestra nuna escuela rural, llam\u00f3me l\u2019atenci\u00f3n saca-yos una semeya a los rapacinos y que vinieren r\u00e1pidamente un par d\u2019ellos a mirar del otru llau del oxetivu, \u201c<em>a ver<\/em>\u201d, \u201c\u00bf<em>c\u00f3mo qued\u00f3<\/em>?\u201d. D\u2019ent\u00f3s p\u2019ac\u00e1, y col afianzamientu del tel\u00e9fono m\u00f3vil como ap\u00e9ndiz del nuestru cuerpu, nun podemos nin alcordanos del procesu d\u2019acabar un carrete, revelalu y marchar pa casa col papel\u00edn d\u2019espera de la tienda de fotograf\u00eda. \u00bfCu\u00e1nto invert\u00edemos nesi procesu?, \u00bfun mes?, \u00bfdos?. Naquellos paquetes de semeyes en papel, dalgunes veces frustraes por un furaqu\u00edn pel qu\u2019entr\u00f3 la lluz, pod\u00edemos alcontrar la sonrisa del mozu que tuvimos o\u2019l retratu col vest\u00edu qu&#8217;olvidamos nel cuartu del hostel nel branu anterior.<\/p>\n<p>Agora, nesti momentu, ye perfectamente posible y detestable qu\u2019un repartidor d\u2019Amazon llegue a to casa un domingu col oxetu innecesariu que pidiste\u2019l d\u00eda anterior. Que tengas comida mexicana una hora m\u00e1s tarde de ver una peli de narcos. Qu\u2019a la mayor parte de les persones que quies-yos llegue esa semeya de la to f\u00eda de rollu unos minutos depu\u00e9s de \u00f1acer.<\/p>\n<p>Con too y con ello, \u00a1qu\u00e9 maraviya!, tov\u00eda hai tiempos y esperes que nun fuimos quien a acelerar. Los meses que dura una xestaci\u00f3n, el crecimientu d\u2019un \u00e1rbol, el movimientu del sol, la floraci\u00f3n d\u2019un nen\u00fafar nel estanque tropical del Jard\u00edn Bot\u00e1nico de Madrid.<\/p>\n<p>Nel llibru \u201c<em><a href=\"https:\/\/www.revistaad.es\/arte\/articulos\/jardin-prado-libro-para-descubrir-plantas-obras-arte\/25177\">El jard\u00edn del prado<\/a><\/em>\u201d, un exerciciu est\u00e9ticu preciosu que recomiendo vivamente, l\u2019autor y xardineru <strong>Eduardo Barba G\u00f3mez,<\/strong> afirma qu\u2019hai dos tipos de persones: les que tienen la capacid\u00e1 de ver el mundu verde que nos arrodia, y a les que-yos pasa absolutamente desapercib\u00edu. Usa incluso un t\u00e9rminu cient\u00edficu pa definir a eses persones qu\u2019agora nun recuerdo. Hai quince d\u00edes esi grup\u00edn de persones, nun se si grande o peque\u00f1u, quedamos enganchaes al primer mensaxe qu\u2019anunciaba la inminente floraci\u00f3n de la Victoria Longwood Hybrid, \u201c<em>todo un acontecimiento para los amantes de la belleza<\/em>\u201d.<\/p>\n","protected":false},"excerpt":{"rendered":"<p>Iris D\u00edaz Trancho estr\u00e9nase como collaboradora de La Cultural con esti preciosu art\u00edculu lliterariu que reflexona sobre la nuestra capacid\u00e1 d&#8217;espera.<\/p>\n","protected":false},"author":1,"featured_media":1660,"comment_status":"open","ping_status":"open","sticky":false,"template":"","format":"standard","meta":{"_et_pb_use_builder":"","_et_pb_old_content":"","_et_gb_content_width":"","_vp_format_video_url":"","_vp_image_focal_point":[],"footnotes":""},"categories":[170],"tags":[],"class_list":["post-1657","post","type-post","status-publish","format-standard","has-post-thumbnail","hentry","category-opinion-ast"],"aioseo_notices":[],"_links":{"self":[{"href":"https:\/\/www.culturalgijonesa.org\/ast\/wp-json\/wp\/v2\/posts\/1657","targetHints":{"allow":["GET"]}}],"collection":[{"href":"https:\/\/www.culturalgijonesa.org\/ast\/wp-json\/wp\/v2\/posts"}],"about":[{"href":"https:\/\/www.culturalgijonesa.org\/ast\/wp-json\/wp\/v2\/types\/post"}],"author":[{"embeddable":true,"href":"https:\/\/www.culturalgijonesa.org\/ast\/wp-json\/wp\/v2\/users\/1"}],"replies":[{"embeddable":true,"href":"https:\/\/www.culturalgijonesa.org\/ast\/wp-json\/wp\/v2\/comments?post=1657"}],"version-history":[{"count":1,"href":"https:\/\/www.culturalgijonesa.org\/ast\/wp-json\/wp\/v2\/posts\/1657\/revisions"}],"predecessor-version":[{"id":1664,"href":"https:\/\/www.culturalgijonesa.org\/ast\/wp-json\/wp\/v2\/posts\/1657\/revisions\/1664"}],"wp:featuredmedia":[{"embeddable":true,"href":"https:\/\/www.culturalgijonesa.org\/ast\/wp-json\/wp\/v2\/media\/1660"}],"wp:attachment":[{"href":"https:\/\/www.culturalgijonesa.org\/ast\/wp-json\/wp\/v2\/media?parent=1657"}],"wp:term":[{"taxonomy":"category","embeddable":true,"href":"https:\/\/www.culturalgijonesa.org\/ast\/wp-json\/wp\/v2\/categories?post=1657"},{"taxonomy":"post_tag","embeddable":true,"href":"https:\/\/www.culturalgijonesa.org\/ast\/wp-json\/wp\/v2\/tags?post=1657"}],"curies":[{"name":"wp","href":"https:\/\/api.w.org\/{rel}","templated":true}]}}