{"id":2636,"date":"2021-11-10T23:25:41","date_gmt":"2021-11-10T22:25:41","guid":{"rendered":"https:\/\/dev.culturalgijonesa.org\/la-cultural-participa-na-59-edicion-del-ficx-con-films-davi-mograbi-y-de-david-varela\/"},"modified":"2021-11-10T23:25:41","modified_gmt":"2021-11-10T22:25:41","slug":"la-cultural-participa-na-59-edicion-del-ficx-con-films-davi-mograbi-y-de-david-varela","status":"publish","type":"post","link":"https:\/\/www.culturalgijonesa.org\/ast\/la-cultural-participa-na-59-edicion-del-ficx-con-films-davi-mograbi-y-de-david-varela\/","title":{"rendered":"LA CULTURAL PARTICIPA NA 59 EDICI\u00d3N DEL FICX CON FILMS D&#8217;AVI MOGRABI Y DE DAVID VARELA"},"content":{"rendered":"<p>La Sociedad Cultural Gijonesa va collaborar otru a\u00f1u m\u00e1s col <a href=\"https:\/\/59ficx.tv\/\">FICX<\/a> na programaci\u00f3n del festival xixon\u00e9s de cine independiente. Esta vegada a la y\u00e1 tradicional presentaci\u00f3n del festival nel Caf\u00e9 Musical TOMA 3 el s\u00e1badu 13 de payares a les 13:00 hores y que como davezu va cuntar cola participaci\u00f3n d&#8217;<strong>Alejandro D\u00edaz Casta\u00f1o<\/strong> Director del FICX, s\u00famase la proyecci\u00f3n de dos importantes pel\u00edcules, la israel\u00ed &#8220;<em>The first 54 years<\/em>&#8221; del premi\u00e1u director israeli <strong>Avi Mograbi<\/strong>, un film que en formatu de documental denuncia la violenta ocupaci\u00f3n militar de Palestina per parte del ex\u00e9rcitu hebreo y la cinta espa\u00f1ola &#8220;Un cielo impasible&#8221;, dirixida por <strong>David Varela<\/strong> qu&#8217;aborda dende la perspectiva d&#8217;un grupu d&#8217;adolescentes la traxedia que supunxo la Guerra Civil espa\u00f1ola. Toles dos pel\u00edcules va presentales, primero de la so proyecci\u00f3n Nacho Mu\u00f1iz, coordinador del grupu de cine de la Cultural.<\/p>\n","protected":false},"excerpt":{"rendered":"<p>La Sociedad Cultural Gijonesa va collaborar otru a\u00f1u m\u00e1s col FICX na programaci\u00f3n del festival xixon\u00e9s de cine independiente. Esta vegada a la y\u00e1 tradicional presentaci\u00f3n del festival nel Caf\u00e9 Musical TOMA 3 el s\u00e1badu 13 de payares a les 13:00 hores y que como davezu va cuntar cola participaci\u00f3n d&#8217;Alejandro D\u00edaz Casta\u00f1o Director del [&hellip;]<\/p>\n","protected":false},"author":1,"featured_media":2634,"comment_status":"open","ping_status":"open","sticky":false,"template":"","format":"standard","meta":{"_et_pb_use_builder":"","_et_pb_old_content":"","_et_gb_content_width":"","_vp_format_video_url":"","_vp_image_focal_point":[],"footnotes":""},"categories":[158,271],"tags":[],"class_list":["post-2636","post","type-post","status-publish","format-standard","has-post-thumbnail","hentry","category-actualidad-ast","category-ficxixon-ast"],"aioseo_notices":[],"_links":{"self":[{"href":"https:\/\/www.culturalgijonesa.org\/ast\/wp-json\/wp\/v2\/posts\/2636","targetHints":{"allow":["GET"]}}],"collection":[{"href":"https:\/\/www.culturalgijonesa.org\/ast\/wp-json\/wp\/v2\/posts"}],"about":[{"href":"https:\/\/www.culturalgijonesa.org\/ast\/wp-json\/wp\/v2\/types\/post"}],"author":[{"embeddable":true,"href":"https:\/\/www.culturalgijonesa.org\/ast\/wp-json\/wp\/v2\/users\/1"}],"replies":[{"embeddable":true,"href":"https:\/\/www.culturalgijonesa.org\/ast\/wp-json\/wp\/v2\/comments?post=2636"}],"version-history":[{"count":0,"href":"https:\/\/www.culturalgijonesa.org\/ast\/wp-json\/wp\/v2\/posts\/2636\/revisions"}],"wp:featuredmedia":[{"embeddable":true,"href":"https:\/\/www.culturalgijonesa.org\/ast\/wp-json\/wp\/v2\/media\/2634"}],"wp:attachment":[{"href":"https:\/\/www.culturalgijonesa.org\/ast\/wp-json\/wp\/v2\/media?parent=2636"}],"wp:term":[{"taxonomy":"category","embeddable":true,"href":"https:\/\/www.culturalgijonesa.org\/ast\/wp-json\/wp\/v2\/categories?post=2636"},{"taxonomy":"post_tag","embeddable":true,"href":"https:\/\/www.culturalgijonesa.org\/ast\/wp-json\/wp\/v2\/tags?post=2636"}],"curies":[{"name":"wp","href":"https:\/\/api.w.org\/{rel}","templated":true}]}}