{"id":2739,"date":"2021-11-25T10:38:52","date_gmt":"2021-11-25T09:38:52","guid":{"rendered":"https:\/\/dev.culturalgijonesa.org\/23-p-un-clamor-por-un-trabayu-decente\/"},"modified":"2021-11-25T10:38:52","modified_gmt":"2021-11-25T09:38:52","slug":"23-p-un-clamor-por-un-trabayu-decente","status":"publish","type":"post","link":"https:\/\/www.culturalgijonesa.org\/ast\/23-p-un-clamor-por-un-trabayu-decente\/","title":{"rendered":"23 P: un clamor por un trabayu decente"},"content":{"rendered":"<p class=\"autor\"><strong>Pedro Rold\u00e1n Garc\u00eda <\/strong>es Presidente de la Sociedad Cultural Gijonesa<\/p>\n<p>L&#8217;art\u00edculu 23 de la Declaraci\u00f3n Universal de los Derechos Humanos de 1948 establez que toa persona tien derechu a un trabayu que garantice una esistencia acordies cola dignid\u00e1 humana.<br \/>\nNun ye casualid\u00e1 que se recueya ente los derechos fundamentales el derechu a un trabayu decente y dignu. El trabayu, la capacid\u00e1 de tresformar los recursos naturales pa producir los medios materiales d&#8217;esistencia, ye una caracter\u00edstica definitoria del ser humanu. El desenvolvimientu de les democracies contemporanees, gracies a la llucha hist\u00f3rica de les clases trabayadores, complement\u00f3 les llibertaes civiles cl\u00e1siques cola reconocencia formal de los derechos sociales y llaboral.<\/p>\n<p>Un merc\u00e1u llaboral decente ye una condici\u00f3n imprescindible por que puedan desenvolvese dafechu los principios democr\u00e1ticos. Pero nes \u00faltimes d\u00e9cades, la hexemon\u00eda de les pol\u00edtiques neolliberales impuls\u00f3 la desregulaci\u00f3n del merc\u00e1u llaboral, retayando derechos y enanchando la fienda de la desiguald\u00e1, socavando asina los cimientos de la mesma democracia.<\/p>\n<p>Esta fonda desiguald\u00e1 y una precaried\u00e1 cr\u00f3nica son les notes predominantes del nuestru merc\u00e1u llaboral. La moced\u00e1 ve como se-y torga&#8217;l desenvolvimientu personal, al escarecer d&#8217;unes mires de futuru m\u00ednimamente ilusionantes, xener\u00e1ndose una fonda frustraci\u00f3n que se traduz nuna fola de desafecci\u00f3n creciente, que va royendo les instituciones y les bases de la convivencia. Asitiar nel centru del alderique social, pol\u00edticu y cultural el derechu a un trabayu decente nun ye puramente una reivindicaci\u00f3n lex\u00edtima, sin\u00f3n que ye l&#8217;aut\u00e9ntica vacuna contra la creciente pandemia d&#8217;odiu, que se nutre del mieu \u00e9nte un futuru faltu de certidumbres.<\/p>\n<p>El movimientu asociativu cultural asturianu nun pod\u00eda permanecer ayenu \u00e9nte esta realid\u00e1. Poro, tr\u00e9s entidaes culturales con una dilatada hestoria esconxuremos p&#8217;alzar les nuestres voces pol derechu a un trabayu decente y dignu.<\/p>\n<p>El pr\u00f3ximu d\u00eda 23 de payares, nel Teatru Filarm\u00f3nica d&#8217;Uvi\u00e9u, diversos representantes del mundu cultural van xunir les sos voces a la d&#8217;artistes como Jer\u00f3nimo Granda, Nuberu o Luis Pastor; pero tami\u00e9n a les de los secretarios xenerales d&#8217;UXT y CCOO: Pepe \u00c1lvarez y Unai Sordu. El mundu de la cultura y el mundu del trabayu caminen xuntos una vegada m\u00e1s n&#8217;Asturies, pola defensa d&#8217;un trabayu decente, pola defensa de la dignid\u00e1 humana, pola defensa, a la fin, de la xusticia social y la democracia.<\/p>\n<p>La Socied\u00e1 Cultural Xixonesa, la Ciudadana d&#8217;Uvi\u00e9u y Amigos de Mieres consideramos qu&#8217;\u00e9sti ye&#8217;l momentu hist\u00f3ricu pa empezar a construyir la esperanza, revirtiendo d\u00e9cades de precarizaci\u00f3n llaboral y de restricci\u00f3n de derechos, precisamente agora cuando se ta aldericando una reforma llaboral que tien d&#8217;afitar les bases d&#8217;un modelu llaboral decente. L&#8217;amenorgamientu de la temporalid\u00e1 y la recuperaci\u00f3n del papel de los sindicatos na negociaci\u00f3n colectiva tienen de ser la columna vertebral d&#8217;una reforma que modernice&#8217;l nuestru merc\u00e1u de trabayu, asiti\u00e1ndolo nel derechu a un trabayu decente como garant\u00eda fundamental d&#8217;una socied\u00e1 m\u00e1s xusta, que ponga los cimientos d&#8217;un proyectu de pa\u00eds dignu.<\/p>\n","protected":false},"excerpt":{"rendered":"<p>Pedro Rold\u00e1n Garc\u00eda es Presidente de la Sociedad Cultural Gijonesa L&#8217;art\u00edculu 23 de la Declaraci\u00f3n Universal de los Derechos Humanos de 1948 establez que toa persona tien derechu a un trabayu que garantice una esistencia acordies cola dignid\u00e1 humana. Nun ye casualid\u00e1 que se recueya ente los derechos fundamentales el derechu a un trabayu decente [&hellip;]<\/p>\n","protected":false},"author":1,"featured_media":1534,"comment_status":"open","ping_status":"open","sticky":false,"template":"","format":"standard","meta":{"_et_pb_use_builder":"","_et_pb_old_content":"","_et_gb_content_width":"","_vp_format_video_url":"","_vp_image_focal_point":[],"footnotes":""},"categories":[280,170],"tags":[],"class_list":["post-2739","post","type-post","status-publish","format-standard","has-post-thumbnail","hentry","category-empleu","category-opinion-ast"],"aioseo_notices":[],"_links":{"self":[{"href":"https:\/\/www.culturalgijonesa.org\/ast\/wp-json\/wp\/v2\/posts\/2739","targetHints":{"allow":["GET"]}}],"collection":[{"href":"https:\/\/www.culturalgijonesa.org\/ast\/wp-json\/wp\/v2\/posts"}],"about":[{"href":"https:\/\/www.culturalgijonesa.org\/ast\/wp-json\/wp\/v2\/types\/post"}],"author":[{"embeddable":true,"href":"https:\/\/www.culturalgijonesa.org\/ast\/wp-json\/wp\/v2\/users\/1"}],"replies":[{"embeddable":true,"href":"https:\/\/www.culturalgijonesa.org\/ast\/wp-json\/wp\/v2\/comments?post=2739"}],"version-history":[{"count":0,"href":"https:\/\/www.culturalgijonesa.org\/ast\/wp-json\/wp\/v2\/posts\/2739\/revisions"}],"wp:featuredmedia":[{"embeddable":true,"href":"https:\/\/www.culturalgijonesa.org\/ast\/wp-json\/wp\/v2\/media\/1534"}],"wp:attachment":[{"href":"https:\/\/www.culturalgijonesa.org\/ast\/wp-json\/wp\/v2\/media?parent=2739"}],"wp:term":[{"taxonomy":"category","embeddable":true,"href":"https:\/\/www.culturalgijonesa.org\/ast\/wp-json\/wp\/v2\/categories?post=2739"},{"taxonomy":"post_tag","embeddable":true,"href":"https:\/\/www.culturalgijonesa.org\/ast\/wp-json\/wp\/v2\/tags?post=2739"}],"curies":[{"name":"wp","href":"https:\/\/api.w.org\/{rel}","templated":true}]}}