{"id":2844,"date":"2022-01-05T00:22:37","date_gmt":"2022-01-04T23:22:37","guid":{"rendered":"https:\/\/dev.culturalgijonesa.org\/ciclu-de-xineru-de-2022-el-cine-de-kore-eda-nel-cmi-del-llano\/"},"modified":"2022-01-05T00:22:37","modified_gmt":"2022-01-04T23:22:37","slug":"ciclu-de-xineru-de-2022-el-cine-de-kore-eda-nel-cmi-del-llano","status":"publish","type":"post","link":"https:\/\/www.culturalgijonesa.org\/ast\/ciclu-de-xineru-de-2022-el-cine-de-kore-eda-nel-cmi-del-llano\/","title":{"rendered":"Ciclu de xineru de 2022: El cine de Kore-Eda nel CMI d&#8217;El Llano"},"content":{"rendered":"<p>Hirozaku Kore-Eda convirti\u00f3se nel director xapon\u00e9s m\u00e1s reconoc\u00edu polos festivales nestos \u00faltimos a\u00f1os. A estes altures merez la pena dedica-y un monogr\u00e1ficu al que pa dalgunos recueye&#8217;l testigu de cl\u00e1sicos como Yasujiro Ozu. Anque se trata d&#8217;una comparanza venturera col que ta nel Olimpu de los m\u00e1s grandes, ye verd\u00e1 que Kore-Eda texe la mayor parte de les sos hestories en redolaes familiares y que los pequenos drames cotidianos y un ciertu toque se\u00f1ardosu podr\u00eden recordar al maestru\u00a0 de lo trascendente, como lo describiera Barbet Schroeder. La Cultural va proxectar nel Centru Municipal Integr\u00e1u d&#8217;El Llanu de Xix\u00f3n un ciclu con cuatro de les sos pel\u00edcules de m\u00e1s sonad\u00eda a lo llargo del mes de xineru. Estes van ser presentaes por Nachu Mu\u00f1iz 3 minutos antes de la proyecci\u00f3n. Am\u00e1s, van proxectar en versi\u00f3n orixinal con subt\u00edtulos en castellanu.<\/p>\n<p>Cola collaboraci\u00f3n de:<\/p>\n<p><a href=\"https:\/\/dev.culturalgijonesa.org\/wp-content\/uploads\/2022\/01\/xixon-cultura-y-educacion.jpg\"><img loading=\"lazy\" decoding=\"async\" class=\"alignleft wp-image-2840 size-medium\" src=\"https:\/\/dev.culturalgijonesa.org\/wp-content\/uploads\/2022\/01\/xixon-cultura-y-educacion-300x59.jpg\" alt=\"Conceyal\u00eda de Cultura y Educaci\u00f3n de xix\u00f3n\" width=\"300\" height=\"59\" \/><\/a><\/p>\n","protected":false},"excerpt":{"rendered":"<p>Hirozaku Kore-Eda convirti\u00f3se nel director xapon\u00e9s m\u00e1s reconoc\u00edu polos festivales nestos \u00faltimos a\u00f1os. A estes altures merez la pena dedica-y un monogr\u00e1ficu al que pa dalgunos recueye&#8217;l testigu de cl\u00e1sicos como Yasujiro Ozu. Anque se trata d&#8217;una comparanza venturera col que ta nel Olimpu de los m\u00e1s grandes, ye verd\u00e1 que Kore-Eda texe la mayor [&hellip;]<\/p>\n","protected":false},"author":1,"featured_media":2842,"comment_status":"open","ping_status":"open","sticky":false,"template":"","format":"standard","meta":{"_et_pb_use_builder":"","_et_pb_old_content":"","_et_gb_content_width":"","_vp_format_video_url":"","_vp_image_focal_point":[],"footnotes":""},"categories":[161],"tags":[],"class_list":["post-2844","post","type-post","status-publish","format-standard","has-post-thumbnail","hentry","category-cine-ast"],"aioseo_notices":[],"_links":{"self":[{"href":"https:\/\/www.culturalgijonesa.org\/ast\/wp-json\/wp\/v2\/posts\/2844","targetHints":{"allow":["GET"]}}],"collection":[{"href":"https:\/\/www.culturalgijonesa.org\/ast\/wp-json\/wp\/v2\/posts"}],"about":[{"href":"https:\/\/www.culturalgijonesa.org\/ast\/wp-json\/wp\/v2\/types\/post"}],"author":[{"embeddable":true,"href":"https:\/\/www.culturalgijonesa.org\/ast\/wp-json\/wp\/v2\/users\/1"}],"replies":[{"embeddable":true,"href":"https:\/\/www.culturalgijonesa.org\/ast\/wp-json\/wp\/v2\/comments?post=2844"}],"version-history":[{"count":0,"href":"https:\/\/www.culturalgijonesa.org\/ast\/wp-json\/wp\/v2\/posts\/2844\/revisions"}],"wp:featuredmedia":[{"embeddable":true,"href":"https:\/\/www.culturalgijonesa.org\/ast\/wp-json\/wp\/v2\/media\/2842"}],"wp:attachment":[{"href":"https:\/\/www.culturalgijonesa.org\/ast\/wp-json\/wp\/v2\/media?parent=2844"}],"wp:term":[{"taxonomy":"category","embeddable":true,"href":"https:\/\/www.culturalgijonesa.org\/ast\/wp-json\/wp\/v2\/categories?post=2844"},{"taxonomy":"post_tag","embeddable":true,"href":"https:\/\/www.culturalgijonesa.org\/ast\/wp-json\/wp\/v2\/tags?post=2844"}],"curies":[{"name":"wp","href":"https:\/\/api.w.org\/{rel}","templated":true}]}}