{"id":3017,"date":"2022-03-25T17:51:01","date_gmt":"2022-03-25T16:51:01","guid":{"rendered":"https:\/\/dev.culturalgijonesa.org\/ciclu-abril-2022-adios-a-las-armes\/"},"modified":"2022-03-25T17:51:01","modified_gmt":"2022-03-25T16:51:01","slug":"ciclu-abril-2022-adios-a-las-armes","status":"publish","type":"post","link":"https:\/\/www.culturalgijonesa.org\/ast\/ciclu-abril-2022-adios-a-las-armes\/","title":{"rendered":"Ciclu Abril 2022: Adi\u00f3s a las armes"},"content":{"rendered":"<p>Nunes poques selmanes la paz n&#8217;Europa que v\u00edamos como una realid\u00e1 obvia, ensin fisures, va esmoreci\u00e9ndose \u00e9nte los nuestros g\u00fceyos, mientres los ciudadanos d&#8217;equ\u00ed y acull\u00e1 b\u00e1tense ente&#8217;l desconciertu y la inercia b\u00e9lica.<\/p>\n<p>\u00c9nte esti escenariu la Socied\u00e1 Cultural Xixonesa quier manifestase con esti ciclu a favor d&#8217;una paz que beneficie a la ciudadan\u00eda d&#8217;Este y Oeste, una ciudadan\u00eda que paga agora n&#8217;Ucrania coles sos vides y en toa Europa nun futuru inmediatu, ent\u00e1 nun sabemos con qu\u00e9.<\/p>\n<p>Cola collaboraci\u00f3n de:<br \/>\n<a href=\"https:\/\/dev.culturalgijonesa.org\/wp-content\/uploads\/2022\/01\/xixon-cultura-y-educacion.jpg\"><img loading=\"lazy\" decoding=\"async\" class=\"size-medium wp-image-2840 alignleft\" src=\"https:\/\/dev.culturalgijonesa.org\/wp-content\/uploads\/2022\/01\/xixon-cultura-y-educacion-300x59.jpg\" alt=\"Conceyal\u00eda de Cultura y Educaci\u00f3n de xix\u00f3n\" width=\"300\" height=\"59\" \/><\/a><\/p>\n","protected":false},"excerpt":{"rendered":"<p>Nunes poques selmanes la paz n&#8217;Europa que v\u00edamos como una realid\u00e1 obvia, ensin fisures, va esmoreci\u00e9ndose \u00e9nte los nuestros g\u00fceyos, mientres los ciudadanos d&#8217;equ\u00ed y acull\u00e1 b\u00e1tense ente&#8217;l desconciertu y la inercia b\u00e9lica. \u00c9nte esti escenariu la Socied\u00e1 Cultural Xixonesa quier manifestase con esti ciclu a favor d&#8217;una paz que beneficie a la ciudadan\u00eda d&#8217;Este [&hellip;]<\/p>\n","protected":false},"author":1,"featured_media":3007,"comment_status":"open","ping_status":"open","sticky":false,"template":"","format":"standard","meta":{"_et_pb_use_builder":"","_et_pb_old_content":"","_et_gb_content_width":"","_vp_format_video_url":"","_vp_image_focal_point":[],"footnotes":""},"categories":[161],"tags":[],"class_list":["post-3017","post","type-post","status-publish","format-standard","has-post-thumbnail","hentry","category-cine-ast"],"aioseo_notices":[],"_links":{"self":[{"href":"https:\/\/www.culturalgijonesa.org\/ast\/wp-json\/wp\/v2\/posts\/3017","targetHints":{"allow":["GET"]}}],"collection":[{"href":"https:\/\/www.culturalgijonesa.org\/ast\/wp-json\/wp\/v2\/posts"}],"about":[{"href":"https:\/\/www.culturalgijonesa.org\/ast\/wp-json\/wp\/v2\/types\/post"}],"author":[{"embeddable":true,"href":"https:\/\/www.culturalgijonesa.org\/ast\/wp-json\/wp\/v2\/users\/1"}],"replies":[{"embeddable":true,"href":"https:\/\/www.culturalgijonesa.org\/ast\/wp-json\/wp\/v2\/comments?post=3017"}],"version-history":[{"count":0,"href":"https:\/\/www.culturalgijonesa.org\/ast\/wp-json\/wp\/v2\/posts\/3017\/revisions"}],"wp:featuredmedia":[{"embeddable":true,"href":"https:\/\/www.culturalgijonesa.org\/ast\/wp-json\/wp\/v2\/media\/3007"}],"wp:attachment":[{"href":"https:\/\/www.culturalgijonesa.org\/ast\/wp-json\/wp\/v2\/media?parent=3017"}],"wp:term":[{"taxonomy":"category","embeddable":true,"href":"https:\/\/www.culturalgijonesa.org\/ast\/wp-json\/wp\/v2\/categories?post=3017"},{"taxonomy":"post_tag","embeddable":true,"href":"https:\/\/www.culturalgijonesa.org\/ast\/wp-json\/wp\/v2\/tags?post=3017"}],"curies":[{"name":"wp","href":"https:\/\/api.w.org\/{rel}","templated":true}]}}