{"id":3222,"date":"2022-08-06T12:35:52","date_gmt":"2022-08-06T11:35:52","guid":{"rendered":"https:\/\/dev.culturalgijonesa.org\/la-cultural-participa-ns-ofrenda-floral-a-xovellanos\/"},"modified":"2022-08-06T12:35:52","modified_gmt":"2022-08-06T11:35:52","slug":"la-cultural-participa-ns-ofrenda-floral-a-xovellanos","status":"publish","type":"post","link":"https:\/\/www.culturalgijonesa.org\/ast\/la-cultural-participa-ns-ofrenda-floral-a-xovellanos\/","title":{"rendered":"La Cultural participa ns ofrenda floral a Xovellanos"},"content":{"rendered":"<p>Como tolos a\u00f1os la Socied\u00e1 Cultural Xixonesa particip\u00f3 esti s\u00e1badu 6 d&#8217;agostu na tradicional ofrenda floral a Xovellanos. Ovidio Rozada, directivu de la entid\u00e1 foi esti a\u00f1u l&#8217;encarg\u00e1u de representar a la nuestra entid\u00e1 nel homenaxe a\u00f1al al pr\u00f3cer xixon\u00e9s. Ovidio Rozada, acompa\u00f1ado por otros miembros de la nuestra Xunta directiva pos\u00f3 un ramu flores al pie de la estatua de Xov\u00edn na Plaza&#8217;l Seis d&#8217;Agostu. Esti\u00a0 actu tradicional que conmemora la vuelta a casa del ilustre xixon\u00e9s darreo&#8217;l so destierru en Mallorca, recib\u00edu ente v\u00edtores y aplausos de los sos vecinos un 6 d&#8217;agostu de 1811.<\/p>\n<p>Xovellanos representa sin dulda lo meyor del esp\u00edritu ilustr\u00e1u y lliberal de la nuestra ciud\u00e1, un adelant\u00e1u nes idees de progresu y llibert\u00e1 am\u00e1s d&#8217;un importante promotor del desarrollu econ\u00f3micu, urban\u00edsticu y cultural de la nuestra villa. Poro, la nuestra entid\u00e1 y bona parte del tex\u00edu asociativu de Xix\u00f3n participa d&#8217;esti emotivu acontecimientu que como cada a\u00f1u cuenta cola participaci\u00f3n de la sociedad civil xixonesa cola representaci\u00f3n de les m\u00e1s altes autoridaes de la ciud\u00e1.<\/p>\n<p><a href=\"https:\/\/dev.culturalgijonesa.org\/wp-content\/uploads\/2022\/08\/ovidio-jovellanos.jpeg\"><img loading=\"lazy\" decoding=\"async\" class=\"aligncenter size-full wp-image-3217\" src=\"https:\/\/dev.culturalgijonesa.org\/wp-content\/uploads\/2022\/08\/ovidio-jovellanos.jpeg\" alt=\"Ovidio Rozada en la ofrenda floral a Jovellanos\" width=\"1500\" height=\"2000\" srcset=\"https:\/\/dev.culturalgijonesa.org\/wp-content\/uploads\/2022\/08\/ovidio-jovellanos.jpeg 1500w, https:\/\/dev.culturalgijonesa.org\/wp-content\/uploads\/2022\/08\/ovidio-jovellanos-1280x1707.jpeg 1280w, https:\/\/dev.culturalgijonesa.org\/wp-content\/uploads\/2022\/08\/ovidio-jovellanos-980x1307.jpeg 980w, https:\/\/dev.culturalgijonesa.org\/wp-content\/uploads\/2022\/08\/ovidio-jovellanos-480x640.jpeg 480w\" sizes=\"(min-width: 0px) and (max-width: 480px) 480px, (min-width: 481px) and (max-width: 980px) 980px, (min-width: 981px) and (max-width: 1280px) 1280px, (min-width: 1281px) 1500px, 100vw\" \/><\/a><\/p>\n","protected":false},"excerpt":{"rendered":"<p>Como tolos a\u00f1os la Socied\u00e1 Cultural Xixonesa particip\u00f3 esti s\u00e1badu 6 d&#8217;agostu na tradicional ofrenda floral a Xovellanos. Ovidio Rozada, directivu de la entid\u00e1 foi esti a\u00f1u l&#8217;encarg\u00e1u de representar a la nuestra entid\u00e1 nel homenaxe a\u00f1al al pr\u00f3cer xixon\u00e9s.<\/p>\n","protected":false},"author":1,"featured_media":3219,"comment_status":"open","ping_status":"open","sticky":false,"template":"","format":"standard","meta":{"_et_pb_use_builder":"","_et_pb_old_content":"","_et_gb_content_width":"","_vp_format_video_url":"","_vp_image_focal_point":[],"footnotes":""},"categories":[234],"tags":[],"class_list":["post-3222","post","type-post","status-publish","format-standard","has-post-thumbnail","hentry","category-xixon-ast"],"aioseo_notices":[],"_links":{"self":[{"href":"https:\/\/www.culturalgijonesa.org\/ast\/wp-json\/wp\/v2\/posts\/3222","targetHints":{"allow":["GET"]}}],"collection":[{"href":"https:\/\/www.culturalgijonesa.org\/ast\/wp-json\/wp\/v2\/posts"}],"about":[{"href":"https:\/\/www.culturalgijonesa.org\/ast\/wp-json\/wp\/v2\/types\/post"}],"author":[{"embeddable":true,"href":"https:\/\/www.culturalgijonesa.org\/ast\/wp-json\/wp\/v2\/users\/1"}],"replies":[{"embeddable":true,"href":"https:\/\/www.culturalgijonesa.org\/ast\/wp-json\/wp\/v2\/comments?post=3222"}],"version-history":[{"count":0,"href":"https:\/\/www.culturalgijonesa.org\/ast\/wp-json\/wp\/v2\/posts\/3222\/revisions"}],"wp:featuredmedia":[{"embeddable":true,"href":"https:\/\/www.culturalgijonesa.org\/ast\/wp-json\/wp\/v2\/media\/3219"}],"wp:attachment":[{"href":"https:\/\/www.culturalgijonesa.org\/ast\/wp-json\/wp\/v2\/media?parent=3222"}],"wp:term":[{"taxonomy":"category","embeddable":true,"href":"https:\/\/www.culturalgijonesa.org\/ast\/wp-json\/wp\/v2\/categories?post=3222"},{"taxonomy":"post_tag","embeddable":true,"href":"https:\/\/www.culturalgijonesa.org\/ast\/wp-json\/wp\/v2\/tags?post=3222"}],"curies":[{"name":"wp","href":"https:\/\/api.w.org\/{rel}","templated":true}]}}