{"id":3254,"date":"2022-09-01T09:20:40","date_gmt":"2022-09-01T08:20:40","guid":{"rendered":"https:\/\/dev.culturalgijonesa.org\/la-cultural-y-el-ficx-anueven-el-so-conveniu-de-collaboracion\/"},"modified":"2022-09-01T09:20:40","modified_gmt":"2022-09-01T08:20:40","slug":"la-cultural-y-el-ficx-anueven-el-so-conveniu-de-collaboracion","status":"publish","type":"post","link":"https:\/\/www.culturalgijonesa.org\/ast\/la-cultural-y-el-ficx-anueven-el-so-conveniu-de-collaboracion\/","title":{"rendered":"La Cultural y el FICX anueven el so conveniu de collaboraci\u00f3n"},"content":{"rendered":"<p>Un a\u00f1u m\u00e1s la Socied\u00e1 Cultural Xixonesa y el Festival Internacional de Cine de Xix\u00f3n (FICX) axunte\u00a0 fuerces pa collaborar na pr\u00f3xima edici\u00f3n del festival xixon\u00e9s. Pedro Rold\u00e1n Garc\u00eda, presidente de la entid\u00e1 y Alejandro D\u00edaz Casta\u00f1o, director del FICX anovaron un a\u00f1u m\u00e1s una collaboraci\u00f3n que na edici\u00f3n anterior foi bien granible para dambes entidaes.<\/p>\n<p>El Festival de Cine de Xix\u00f3n ye unu de los grandes eventos culturales de la nuestra ciud\u00e1 con d\u00e9cades d&#8217;esitosu percorr\u00edu espardiendo la cultura cinematogr\u00e1fica na nuestra ciud\u00e1 y siendo y\u00e1 un referente imprescindible dientro del panorama cin\u00e9filu nel nuestru pa\u00eds. La collaboraci\u00f3n ente entidaes de la socied\u00e1 civil ya instituciones p\u00fabliques como&#8217;l FICX ye un pres\u00e9u imprescindible pa la creaci\u00f3n y espardimientu d&#8217;actividaes culturales de m\u00e1ximu inter\u00e9s.<\/p>\n<p>Esperamos poder anunciar llueu los frutos d&#8217;esta collaboraci\u00f3n ente dambes instituciones que seguro que se van concretar n&#8217;actividaes del mayor inter\u00e9s na ll\u00ednea de lo que se fixo n&#8217;a\u00f1os anteriores.<\/p>\n","protected":false},"excerpt":{"rendered":"<p>Un a\u00f1u m\u00e1s la Socied\u00e1 Cultural Xixonesa y el Festival Internacional de Cine de Xix\u00f3n (FICX) axunte\u00a0 fuerces pa collaborar na pr\u00f3xima edici\u00f3n del festival xixon\u00e9s. Pedro Rold\u00e1n Garc\u00eda, presidente de la entid\u00e1 y Alejandro D\u00edaz Casta\u00f1o, director del FICX anovaron un a\u00f1u m\u00e1s una collaboraci\u00f3n que na edici\u00f3n anterior foi bien granible para dambes [&hellip;]<\/p>\n","protected":false},"author":1,"featured_media":3252,"comment_status":"open","ping_status":"open","sticky":false,"template":"","format":"standard","meta":{"_et_pb_use_builder":"","_et_pb_old_content":"","_et_gb_content_width":"","_vp_format_video_url":"","_vp_image_focal_point":[],"footnotes":""},"categories":[161,271,234],"tags":[],"class_list":["post-3254","post","type-post","status-publish","format-standard","has-post-thumbnail","hentry","category-cine-ast","category-ficxixon-ast","category-xixon-ast"],"aioseo_notices":[],"_links":{"self":[{"href":"https:\/\/www.culturalgijonesa.org\/ast\/wp-json\/wp\/v2\/posts\/3254","targetHints":{"allow":["GET"]}}],"collection":[{"href":"https:\/\/www.culturalgijonesa.org\/ast\/wp-json\/wp\/v2\/posts"}],"about":[{"href":"https:\/\/www.culturalgijonesa.org\/ast\/wp-json\/wp\/v2\/types\/post"}],"author":[{"embeddable":true,"href":"https:\/\/www.culturalgijonesa.org\/ast\/wp-json\/wp\/v2\/users\/1"}],"replies":[{"embeddable":true,"href":"https:\/\/www.culturalgijonesa.org\/ast\/wp-json\/wp\/v2\/comments?post=3254"}],"version-history":[{"count":0,"href":"https:\/\/www.culturalgijonesa.org\/ast\/wp-json\/wp\/v2\/posts\/3254\/revisions"}],"wp:featuredmedia":[{"embeddable":true,"href":"https:\/\/www.culturalgijonesa.org\/ast\/wp-json\/wp\/v2\/media\/3252"}],"wp:attachment":[{"href":"https:\/\/www.culturalgijonesa.org\/ast\/wp-json\/wp\/v2\/media?parent=3254"}],"wp:term":[{"taxonomy":"category","embeddable":true,"href":"https:\/\/www.culturalgijonesa.org\/ast\/wp-json\/wp\/v2\/categories?post=3254"},{"taxonomy":"post_tag","embeddable":true,"href":"https:\/\/www.culturalgijonesa.org\/ast\/wp-json\/wp\/v2\/tags?post=3254"}],"curies":[{"name":"wp","href":"https:\/\/api.w.org\/{rel}","templated":true}]}}