{"id":3579,"date":"2023-01-23T10:56:04","date_gmt":"2023-01-23T09:56:04","guid":{"rendered":"https:\/\/dev.culturalgijonesa.org\/la-cultural-y-el-ficx-presenten-la-segunda-edicion-de-cine-club-60\/"},"modified":"2023-01-23T10:56:04","modified_gmt":"2023-01-23T09:56:04","slug":"la-cultural-y-el-ficx-presenten-la-segunda-edicion-de-cine-club-60","status":"publish","type":"post","link":"https:\/\/www.culturalgijonesa.org\/ast\/la-cultural-y-el-ficx-presenten-la-segunda-edicion-de-cine-club-60\/","title":{"rendered":"La Cultural y el FICX presenten la segunda edici\u00f3n de \u201cCine Club 60\u201d"},"content":{"rendered":"<ul>\n<li class=\"Standard\">El Festival Internacional de Cine de Xix\u00f3n y la Socied\u00e1 Cultural Xixonesa anoven el so compromisu con esti programa de pel\u00edcules non recientes tres la esitosa acoyida de la primer edici\u00f3n.<\/li>\n<li class=\"Standard\">El ciclu de doce pel\u00edcules va entamar esti s\u00e1badu 28 de xineru cola proyecci\u00f3n de El Esp\u00edritu de la colmena y la presencia del Director d&#8217;Arte de esta pel\u00edcula, el tambi\u00e9n cineasta Jaime Ch\u00e1varri.<\/li>\n<li class=\"Standard\">Cine Club 60 va allongase hasta&#8217;l 7 de ochobre y va allugase na Antigua Escuela Comercio de Xix\u00f3n, con entrada llibre hasta completar aforu.<\/li>\n<\/ul>\n<p class=\"Standard\">La Socied\u00e1 Cultural Xijonesa y el FICX van inaugurar el pr\u00f3ximu s\u00e1badu 28 de xineru la segunda edici\u00f3n del programa de proyecciones y presentaciones Cine Club 60. Celebr\u00e1u la primera vegada nel marcu del 60 aniversariu del Festival Internacional de Cine de Xix\u00f3n, esti ciclu de pel\u00edcules non recientes, que l&#8217;a\u00f1u pas\u00e1u recibi\u00f3 una gran acoyida\u00a0 del p\u00fablicu, va cuntar con obres cinematogr\u00e1fiques firmaes por cineastes de la talla de Roberto Rosellini, John Ford, Alfred Hitchcock o Francis Ford Coppola, ente otros.<\/p>\n<p class=\"Standard\">La iniciativa, que sup\u00f3n un xestu al formatu de cine club que permiti\u00f3 celebrar la primer edici\u00f3n del Festival nel a\u00f1u 1963, busca afalar el conocimientu del cine del pas\u00e1u y ufrir espacios pa la xeneraci\u00f3n del pensamiento cr\u00edticu a travi\u00e9s del llinguaxe cinematogr\u00e1ficu.<\/p>\n<p class=\"Standard\">El programa acueye doce pel\u00edcules en versi\u00f3n orixinal subtitulada que van proyectase nel Sal\u00f3n d&#8217;Actos de la Antigua Escuela Comercio hasta&#8217;l pr\u00f3ximu 7 d&#8217;ochobre. Delles d&#8217;estes cites van contar con alcuentros especiales col p\u00fablicu. El primeru va ser col director y guionista Jaime Ch\u00e1varri que va presentar esti s\u00e1badu 28 \u201cEl esp\u00edritu de la colmena\u201d(V\u00edctor Erice,1973), pel\u00edcula de la que foi Director Art\u00edsticu. Al tiempu, el comentarista cinematogr\u00e1ficu y ex-director del ICAA Miguel Mar\u00edas, va repetir presencia nel ciclu\u00a0presentando \u201cEl r\u00edo\u201d (Jean Renoir, 1951) el s\u00e1badu 23 de setiembre.<\/p>\n<p class=\"Standard\">Cine Club 60 ent\u00e1menlo la Socied\u00e1 Cultural Xixonesa y\u00a0 Divertia Gij\u00f3n S.A. a travi\u00e9s del FICX, en collaboraci\u00f3n cola Fundaci\u00f3n Municipal de Cultura, Educaci\u00f3n y Universid\u00e1 Popular de Xix\u00f3n, les XVIII Xornaes contra&#8217;l racismu y la xenofobia de Xix\u00f3n, la Tertulia Feminista Les Comadres y la Socied\u00e1 Cultural GESTO.<\/p>\n","protected":false},"excerpt":{"rendered":"<p>El Festival Internacional de Cine de Xix\u00f3n y la Socied\u00e1 Cultural Xixonesa anoven el so compromisu con esti programa de pel\u00edcules non recientes tres la esitosa acoyida de la primer edici\u00f3n. El ciclu de doce pel\u00edcules va entamar esti s\u00e1badu 28 de xineru cola proyecci\u00f3n de El Esp\u00edritu de la colmena y la presencia del [&hellip;]<\/p>\n","protected":false},"author":1,"featured_media":3577,"comment_status":"open","ping_status":"open","sticky":false,"template":"","format":"standard","meta":{"_et_pb_use_builder":"","_et_pb_old_content":"","_et_gb_content_width":"","_vp_format_video_url":"","_vp_image_focal_point":[],"footnotes":""},"categories":[154],"tags":[],"class_list":["post-3579","post","type-post","status-publish","format-standard","has-post-thumbnail","hentry","category-uncategorized-ast"],"aioseo_notices":[],"_links":{"self":[{"href":"https:\/\/www.culturalgijonesa.org\/ast\/wp-json\/wp\/v2\/posts\/3579","targetHints":{"allow":["GET"]}}],"collection":[{"href":"https:\/\/www.culturalgijonesa.org\/ast\/wp-json\/wp\/v2\/posts"}],"about":[{"href":"https:\/\/www.culturalgijonesa.org\/ast\/wp-json\/wp\/v2\/types\/post"}],"author":[{"embeddable":true,"href":"https:\/\/www.culturalgijonesa.org\/ast\/wp-json\/wp\/v2\/users\/1"}],"replies":[{"embeddable":true,"href":"https:\/\/www.culturalgijonesa.org\/ast\/wp-json\/wp\/v2\/comments?post=3579"}],"version-history":[{"count":0,"href":"https:\/\/www.culturalgijonesa.org\/ast\/wp-json\/wp\/v2\/posts\/3579\/revisions"}],"wp:featuredmedia":[{"embeddable":true,"href":"https:\/\/www.culturalgijonesa.org\/ast\/wp-json\/wp\/v2\/media\/3577"}],"wp:attachment":[{"href":"https:\/\/www.culturalgijonesa.org\/ast\/wp-json\/wp\/v2\/media?parent=3579"}],"wp:term":[{"taxonomy":"category","embeddable":true,"href":"https:\/\/www.culturalgijonesa.org\/ast\/wp-json\/wp\/v2\/categories?post=3579"},{"taxonomy":"post_tag","embeddable":true,"href":"https:\/\/www.culturalgijonesa.org\/ast\/wp-json\/wp\/v2\/tags?post=3579"}],"curies":[{"name":"wp","href":"https:\/\/api.w.org\/{rel}","templated":true}]}}