{"id":3617,"date":"2023-01-31T13:38:28","date_gmt":"2023-01-31T12:38:28","guid":{"rendered":"https:\/\/dev.culturalgijonesa.org\/ciclu-febreru-2023-angelo-badalamenti\/"},"modified":"2023-01-31T13:38:28","modified_gmt":"2023-01-31T12:38:28","slug":"ciclu-febreru-2023-angelo-badalamenti","status":"publish","type":"post","link":"https:\/\/www.culturalgijonesa.org\/ast\/ciclu-febreru-2023-angelo-badalamenti\/","title":{"rendered":"Ciclu febreru 2023: ANGELO BADALAMENTI"},"content":{"rendered":"<p>N&#8217;avientu finaba otra personalid\u00e1 importante del cine de les \u00faltimas d\u00e9cades, el compositor italoamericanu \u00c1ngelo Badalamenti. Les sos notes musicales van quedar venceyaes pa siempre al cine de David Lynch. Algam\u00f3 l&#8217;\u00e9situ popular a finales de los 80 cuando compuso el perconoc\u00edu tema de la serie \u201cTwin Peaks\u201d pero y\u00e1 se topara primero\u00a0 con Lynch en el rodaxe de \u201cBlue Velvet\u201d, cuando foi contrat\u00e1u pa dar clases de cantu a Isabella Rosellini y acab\u00f3 faciendo una apaici\u00f3n na pel\u00edcula de la que tocaba&#8217;l pianu. El pasu de trabayar con Lynch dio-y la posibilida de dedicase al mundu de las bandes sonores. Pa recordalu, vamos proxectar delles\u00a0 pel\u00edculas pa les que punxo la so m\u00fasica. M\u00e1s informaci\u00f3n y la programaci\u00f3n completa d&#8217;esti ciclo na <a href=\"https:\/\/dev.culturalgijonesa.org\/axenda\">nuestra axenda<\/a>.<\/p>\n","protected":false},"excerpt":{"rendered":"<p>N&#8217;avientu finaba otra personalid\u00e1 importante del cine de les \u00faltimas d\u00e9cades, el compositor italoamericanu \u00c1ngelo Badalamenti. Les sos notes musicales van quedar venceyaes pa siempre al cine de David Lynch. Algam\u00f3 l&#8217;\u00e9situ popular a finales de los 80 cuando compuso el perconoc\u00edu tema de la serie \u201cTwin Peaks\u201d pero y\u00e1 se topara primero\u00a0 con Lynch [&hellip;]<\/p>\n","protected":false},"author":1,"featured_media":3615,"comment_status":"open","ping_status":"open","sticky":false,"template":"","format":"standard","meta":{"_et_pb_use_builder":"","_et_pb_old_content":"","_et_gb_content_width":"","_vp_format_video_url":"","_vp_image_focal_point":[],"footnotes":""},"categories":[161,234],"tags":[],"class_list":["post-3617","post","type-post","status-publish","format-standard","has-post-thumbnail","hentry","category-cine-ast","category-xixon-ast"],"aioseo_notices":[],"_links":{"self":[{"href":"https:\/\/www.culturalgijonesa.org\/ast\/wp-json\/wp\/v2\/posts\/3617","targetHints":{"allow":["GET"]}}],"collection":[{"href":"https:\/\/www.culturalgijonesa.org\/ast\/wp-json\/wp\/v2\/posts"}],"about":[{"href":"https:\/\/www.culturalgijonesa.org\/ast\/wp-json\/wp\/v2\/types\/post"}],"author":[{"embeddable":true,"href":"https:\/\/www.culturalgijonesa.org\/ast\/wp-json\/wp\/v2\/users\/1"}],"replies":[{"embeddable":true,"href":"https:\/\/www.culturalgijonesa.org\/ast\/wp-json\/wp\/v2\/comments?post=3617"}],"version-history":[{"count":0,"href":"https:\/\/www.culturalgijonesa.org\/ast\/wp-json\/wp\/v2\/posts\/3617\/revisions"}],"wp:featuredmedia":[{"embeddable":true,"href":"https:\/\/www.culturalgijonesa.org\/ast\/wp-json\/wp\/v2\/media\/3615"}],"wp:attachment":[{"href":"https:\/\/www.culturalgijonesa.org\/ast\/wp-json\/wp\/v2\/media?parent=3617"}],"wp:term":[{"taxonomy":"category","embeddable":true,"href":"https:\/\/www.culturalgijonesa.org\/ast\/wp-json\/wp\/v2\/categories?post=3617"},{"taxonomy":"post_tag","embeddable":true,"href":"https:\/\/www.culturalgijonesa.org\/ast\/wp-json\/wp\/v2\/tags?post=3617"}],"curies":[{"name":"wp","href":"https:\/\/api.w.org\/{rel}","templated":true}]}}