{"id":3713,"date":"2023-04-17T12:40:31","date_gmt":"2023-04-17T11:40:31","guid":{"rendered":"https:\/\/dev.culturalgijonesa.org\/ciclu-abril-2023-cine-rumanu\/"},"modified":"2023-04-17T12:40:31","modified_gmt":"2023-04-17T11:40:31","slug":"ciclu-abril-2023-cine-rumanu","status":"publish","type":"post","link":"https:\/\/www.culturalgijonesa.org\/ast\/ciclu-abril-2023-cine-rumanu\/","title":{"rendered":"CICLU ABRIL 2023: CINE RUMANU"},"content":{"rendered":"<p>Estos \u00faltimos meses de cursu cinematogr\u00e1ficu vamos acabar con un ciclu mui especial, non solo pola gran calid\u00e1 del cine rumanu, sin\u00f3n tami\u00e9n pola escelente disposici\u00f3n de Dacin Sara, entid\u00e1 cultural ensin \u00e1nimu de llucru, y del Consul\u00e1u Xeneral Rumanu en Bilbao, a los que agradecemos la so collaboraci\u00f3n.<\/p>\n<p>Queremos dedicar esti ciclu a la comunid\u00e1 rumana na nuestra ciud\u00e1, a la qu&#8217;invitamos a acompa\u00f1anos, y por supuesto, a la traductora y profesora Antonela Pohoata, porque sin la so participaci\u00f3n y entusiasmu diba ser imposible esti proyectu.<\/p>\n<p>El ciclu va tar compuestu por t\u00edtulos en bona parte in\u00e9ditos n&#8217;Asturies y anteriores a la eclosi\u00f3n del cine rumanu nos festivales. Dicho esto, vamos empezar con una esceici\u00f3n, y\u00e1 que la primer pel\u00edcula s\u00ed forma parte d&#8217;esi movimientu cinematogr\u00e1ficu.<br \/>\n<a href=\"https:\/\/dev.culturalgijonesa.org\/wp-content\/uploads\/2023\/04\/logos-remania.png\"><img loading=\"lazy\" decoding=\"async\" class=\"aligncenter size-full wp-image-3709\" src=\"https:\/\/dev.culturalgijonesa.org\/wp-content\/uploads\/2023\/04\/logos-remania.png\" alt=\"\" width=\"1612\" height=\"306\" srcset=\"https:\/\/dev.culturalgijonesa.org\/wp-content\/uploads\/2023\/04\/logos-remania.png 1612w, https:\/\/dev.culturalgijonesa.org\/wp-content\/uploads\/2023\/04\/logos-remania-1280x243.png 1280w, https:\/\/dev.culturalgijonesa.org\/wp-content\/uploads\/2023\/04\/logos-remania-980x186.png 980w, https:\/\/dev.culturalgijonesa.org\/wp-content\/uploads\/2023\/04\/logos-remania-480x91.png 480w\" sizes=\"(min-width: 0px) and (max-width: 480px) 480px, (min-width: 481px) and (max-width: 980px) 980px, (min-width: 981px) and (max-width: 1280px) 1280px, (min-width: 1281px) 1612px, 100vw\" \/><\/a><\/p>\n<p>Cola collaboraci\u00f3n de:<\/p>\n<p><a href=\"https:\/\/dev.culturalgijonesa.org\/wp-content\/uploads\/2022\/01\/xixon-cultura-y-educacion-300x59.jpg\"><img loading=\"lazy\" decoding=\"async\" class=\"size-medium wp-image-2839 alignleft\" src=\"https:\/\/dev.culturalgijonesa.org\/wp-content\/uploads\/2022\/01\/xixon-cultura-y-educacion-300x59.jpg\" alt=\"Conceyal\u00eda de Cultura y Educaci\u00f3n de xix\u00f3n\" width=\"300\" height=\"59\" \/><\/a><\/p>\n","protected":false},"excerpt":{"rendered":"<p>Estos \u00faltimos meses de cursu cinematogr\u00e1ficu vamos acabar con un ciclu mui especial, non solo pola gran calid\u00e1 del cine rumanu, sin\u00f3n tami\u00e9n pola escelente disposici\u00f3n de Dacin Sara, entid\u00e1 cultural ensin \u00e1nimu de llucru, y del Consul\u00e1u Xeneral Rumanu en Bilbao, a los que agradecemos la so collaboraci\u00f3n. Queremos dedicar esti ciclu a la [&hellip;]<\/p>\n","protected":false},"author":1,"featured_media":3702,"comment_status":"open","ping_status":"open","sticky":false,"template":"","format":"standard","meta":{"_et_pb_use_builder":"","_et_pb_old_content":"","_et_gb_content_width":"","_vp_format_video_url":"","_vp_image_focal_point":[],"footnotes":""},"categories":[154],"tags":[],"class_list":["post-3713","post","type-post","status-publish","format-standard","has-post-thumbnail","hentry","category-uncategorized-ast"],"aioseo_notices":[],"_links":{"self":[{"href":"https:\/\/www.culturalgijonesa.org\/ast\/wp-json\/wp\/v2\/posts\/3713","targetHints":{"allow":["GET"]}}],"collection":[{"href":"https:\/\/www.culturalgijonesa.org\/ast\/wp-json\/wp\/v2\/posts"}],"about":[{"href":"https:\/\/www.culturalgijonesa.org\/ast\/wp-json\/wp\/v2\/types\/post"}],"author":[{"embeddable":true,"href":"https:\/\/www.culturalgijonesa.org\/ast\/wp-json\/wp\/v2\/users\/1"}],"replies":[{"embeddable":true,"href":"https:\/\/www.culturalgijonesa.org\/ast\/wp-json\/wp\/v2\/comments?post=3713"}],"version-history":[{"count":0,"href":"https:\/\/www.culturalgijonesa.org\/ast\/wp-json\/wp\/v2\/posts\/3713\/revisions"}],"wp:featuredmedia":[{"embeddable":true,"href":"https:\/\/www.culturalgijonesa.org\/ast\/wp-json\/wp\/v2\/media\/3702"}],"wp:attachment":[{"href":"https:\/\/www.culturalgijonesa.org\/ast\/wp-json\/wp\/v2\/media?parent=3713"}],"wp:term":[{"taxonomy":"category","embeddable":true,"href":"https:\/\/www.culturalgijonesa.org\/ast\/wp-json\/wp\/v2\/categories?post=3713"},{"taxonomy":"post_tag","embeddable":true,"href":"https:\/\/www.culturalgijonesa.org\/ast\/wp-json\/wp\/v2\/tags?post=3713"}],"curies":[{"name":"wp","href":"https:\/\/api.w.org\/{rel}","templated":true}]}}