{"id":3847,"date":"2023-07-03T09:34:32","date_gmt":"2023-07-03T08:34:32","guid":{"rendered":"https:\/\/dev.culturalgijonesa.org\/la-socieda-civil-de-xixon-denuncial-sectarismu-de-la-nueva-conceyala-de-festexos\/"},"modified":"2023-07-03T09:39:57","modified_gmt":"2023-07-03T08:39:57","slug":"la-socieda-civil-de-xixon-denuncial-sectarismu-de-la-nueva-conceyala-de-festexos","status":"publish","type":"post","link":"https:\/\/www.culturalgijonesa.org\/ast\/la-socieda-civil-de-xixon-denuncial-sectarismu-de-la-nueva-conceyala-de-festexos\/","title":{"rendered":"LA SOCIED\u00c1 CIVIL DE XIX\u00d3N DENUNCIA&#8217;L SECTARISMU DE LA NUEVA CONCEYALA DE FESTEXOS"},"content":{"rendered":"<p>Tres de les declaraciones de la conceyala de festexos del Conceyu de Xix\u00f3n, Sara \u00c1lvarez Rouco, nes qu\u2019amosaba la so intenci\u00f3n clara d\u2019escluyir la llingua asturiana de la programaci\u00f3n de los festexos xixoneses, delles asociaciones del conceyu decidimos firmar un manifiestu pa denunciar la situaci\u00f3n y pidir desplicaciones y rectificaci\u00f3n a l\u2019alcald\u00eda. Les asociaciones firmantes, arriendes de Grana son:<\/p>\n<ol>\n<li>Que estas palabras ponen de manifiesto la inaudita intenci\u00f3n de la concejala, y la de la formaci\u00f3n que representa, de censurar y extinguir a la cultura y la lengua asturiana, como parte de su acci\u00f3n de gobierno.<\/li>\n<li>Que el veto al asturiano es forma parte de un programa ideol\u00f3gico que no se circunscribe a la lengua, como se est\u00e1 viendo en otros municipios y comunidades en los que esta formaci\u00f3n pol\u00edtica alcanza al poder, sino que afecta a otras libertades y derechos fundamentales.<\/li>\n<li>Que esta medida supone un grave agravio tanto para la ciudadan\u00eda, que se ver\u00eda privada del acceso a espect\u00e1culos en asturiano, como para al sector de la m\u00fasica y las artes esc\u00e9nicas en Asturies que se expresa en gran medida en lengua asturiana y que en Xix\u00f3n tiene, adem\u00e1s, una importante presencia e implantaci\u00f3n con iniciativas impulsadas tanto por la iniciativa privada como por la p\u00fablica, que hacen parte de la identidad de Xix\u00f3n desde tiempo inmemorial y que tienen especial presencia desde la recuperaci\u00f3n de la democracia en la programaci\u00f3n de festejos local.<\/li>\n<li>Que la intenci\u00f3n de extinguir lengua asturiana de la programaci\u00f3n y la estrategia de comunicaci\u00f3n de Divertia es un ataque directo al esp\u00edritu y la letra de la Declaraci\u00f3n Universal de los Derechos Humanos, la Declaraci\u00f3n Universal de los Derechos Ling\u00fc\u00edsticos, la Carta europea de las lenguas minoritarias, la Constituci\u00f3n Espa\u00f1ola, el Estatuto de Autonom\u00eda, la Ley de Utilizaci\u00f3n y Promoci\u00f3n del asturiano y las ordenanzas y planas vigentes del concejo de Xix\u00f3n.<\/li>\n<\/ol>\n<p>\u00c9nte les declaraciones de la nueva conceyala de Festexos de Xix\u00f3n nes que manifestaba que dende Divertia nun se va programar a artistes qu\u2019utilicen la llingua asturiana, los colectivos que roblamos esti manifiestu, como parte de la socied\u00e1 civil denunciamos:<\/p>\n<p>1. Qu\u2019estes palabres ponen de manifiestu la inaudita intenci\u00f3n de la conceyala, y la de la formaci\u00f3n que representa, de censurar y desaniciar a la cultura y la llingua asturiana, como parte de la so acci\u00f3n de gobiernu.<\/p>\n<p>2. Qu\u2019el vetu al asturianu ye parte d\u2019un programa ideol\u00f3xicu que non se circunscribe a la llingua, como se ta viendo n\u2019otros conceyos y comunidaes nos qu\u2019esta formaci\u00f3n pol\u00edtica apuerta al poder, sin\u00f3n qu\u2019afecta a otres llibertaes y derechos fundamentales.<\/p>\n<p>3. Qu\u2019esta midida supondr\u00eda un grave agraviu tanto pa la ciudadan\u00eda, que se ver\u00eda privada del accesu a espect\u00e1culos n\u2019asturianu, como para al sector de la m\u00fasica y les artes esc\u00e9niques n\u2019Asturies, que s\u2019espresa en gran midida en llingua asturiana y qu\u2019en Xix\u00f3n tien, am\u00e1s, una importante presencia y implantaci\u00f3n con iniciatives impulsaes tanto pola iniciativa privada como pola p\u00fablica, que faen parte de la identid\u00e1 de Xix\u00f3n dende tiempu inmemorial y que tienen especial presencia dende la recuperaci\u00f3n de la democracia na programaci\u00f3n de festexos local.<\/p>\n<p>4. Que la intenci\u00f3n de desaniciar la llingua asturiana de la programaci\u00f3n y l\u2019estratexa de comunicaci\u00f3n de Divertia ye un ataque directu al esp\u00edritu y la lletra de la Declaraci\u00f3n Universal de los Derechos Humanos, la Declaraci\u00f3n Universal de los Derechos Lling\u00fc\u00edsticos, la Carta europea de les lling\u00fces minoritaries, la Constituci\u00f3n Espa\u00f1ola, l\u2019Estatutu d\u2019Autonom\u00eda, la Llei d\u2019Usu y Promoci\u00f3n del asturianu y les ordenances y planes vixentes del conceyu de Xix\u00f3n.<\/p>\n<p>Polo tanto, los colectivos firmantes esiximos<\/p>\n<p>1. Que l\u2019alcaldesa Carmen Moriy\u00f3n y el so equipu de gobiernu garanticen que les compa\u00f1\u00edes y m\u00fasicos qu\u2019utilicen l\u2019asturianu como llingua pa les sos propuestes nun van sufrir el vetu nin la discriminaci\u00f3n per parte de Divertia; que nun se recule nel usu del asturianu dende la conceyal\u00eda de festexos; qu\u2019esta conceyal\u00eda nun s\u00eda un territoriu ensin llei a la que nun s\u2019aplique los planes de normalizaci\u00f3n lling\u00fc\u00edstica locales, y qu\u2019en Xix\u00f3n va siguir cumpli\u00e9ndose la llexislaci\u00f3n internacional, europea, espa\u00f1ola y local que garantiza la promoci\u00f3n del asturianu, ensin que se produza un retrocesu del usu del asturianu en neng\u00fan de los \u00e1mbitos de competencia municipal, incluyendo la conceyal\u00eda de festexos que nun puede convertise nun cotu priv\u00e1u de la discriminaci\u00f3n y l\u2019odiu.<\/p>\n<p>2. Que dende\u2019l conceyu nun se dexe qu\u2019esti tipu de pol\u00edtiques y declaraciones sectaries, frutu del estremismu escluyente y qu\u2019amenacien la convivencia, la iguald\u00e1 y los derechos sociales se normalicen, una y bones l\u2019exemplu d\u2019otres comunidaes y conceyos ens\u00e9\u00f1anos que\u2019l vetu al asturianu ye nam\u00e1s el primer s\u00edntoma d\u2019una forma de facer que se va esparder nos \u00e1mbitos de decisi\u00f3n que se-yos faciliten a los intransixentes hasta onde la socied\u00e1 civil y el restu de formaciones pol\u00edtiques dexen que pase.<\/p>\n<p>A lo \u00faltimo, les organizaciones firmantes conviden, per un llau, a otros colectivos de Xix\u00f3n \u00a0a que se sumen a esti manifiestu y, per otru, amuesen el so sofitu al manifiestu espec\u00edficu que se ta promoviendo dende\u2019l sector de la m\u00fasica col lema \u201cM\u00fasica n\u2019asturianu, S\u00cd\u201d y a cualesquier otra iniciativa que, nesta ll\u00ednea, pueda surdir nel futuru.<\/p>\n<p style=\"text-align: center;\"><strong>Sociedad Cultural Gijonesa, Ateneo Obrero, Asociaci\u00f3n Cultural Caja de M\u00fasicos, Sociedad Cultural Gesto, Asociaci\u00f3n Cultural Grana y Compa\u00f1\u00eda Asturiana de Comedias.<\/strong><\/p>\n","protected":false},"excerpt":{"rendered":"<p>Tres de les declaraciones de la conceyal de festexos del Conceyu de Xix\u00f3n, Sara \u00c1lvarez Rouco, nes qu\u2019amosaba la so intenci\u00f3n clara d\u2019escluyir la llingua asturiana de la programaci\u00f3n de los festexos xixoneses, varies asociaciones del conceyu decidimos firmar un manifiestu pa denunciar la situaci\u00f3n y pidir desplicaciones y rectificaci\u00f3n a l\u2019alcald\u00eda. <\/p>\n","protected":false},"author":1,"featured_media":3849,"comment_status":"open","ping_status":"open","sticky":false,"template":"","format":"standard","meta":{"_et_pb_use_builder":"","_et_pb_old_content":"","_et_gb_content_width":"","_vp_format_video_url":"","_vp_image_focal_point":[],"footnotes":""},"categories":[300,234],"tags":[],"class_list":["post-3847","post","type-post","status-publish","format-standard","has-post-thumbnail","hentry","category-asturies-ast-2","category-xixon-ast"],"aioseo_notices":[],"_links":{"self":[{"href":"https:\/\/www.culturalgijonesa.org\/ast\/wp-json\/wp\/v2\/posts\/3847","targetHints":{"allow":["GET"]}}],"collection":[{"href":"https:\/\/www.culturalgijonesa.org\/ast\/wp-json\/wp\/v2\/posts"}],"about":[{"href":"https:\/\/www.culturalgijonesa.org\/ast\/wp-json\/wp\/v2\/types\/post"}],"author":[{"embeddable":true,"href":"https:\/\/www.culturalgijonesa.org\/ast\/wp-json\/wp\/v2\/users\/1"}],"replies":[{"embeddable":true,"href":"https:\/\/www.culturalgijonesa.org\/ast\/wp-json\/wp\/v2\/comments?post=3847"}],"version-history":[{"count":2,"href":"https:\/\/www.culturalgijonesa.org\/ast\/wp-json\/wp\/v2\/posts\/3847\/revisions"}],"predecessor-version":[{"id":3851,"href":"https:\/\/www.culturalgijonesa.org\/ast\/wp-json\/wp\/v2\/posts\/3847\/revisions\/3851"}],"wp:featuredmedia":[{"embeddable":true,"href":"https:\/\/www.culturalgijonesa.org\/ast\/wp-json\/wp\/v2\/media\/3849"}],"wp:attachment":[{"href":"https:\/\/www.culturalgijonesa.org\/ast\/wp-json\/wp\/v2\/media?parent=3847"}],"wp:term":[{"taxonomy":"category","embeddable":true,"href":"https:\/\/www.culturalgijonesa.org\/ast\/wp-json\/wp\/v2\/categories?post=3847"},{"taxonomy":"post_tag","embeddable":true,"href":"https:\/\/www.culturalgijonesa.org\/ast\/wp-json\/wp\/v2\/tags?post=3847"}],"curies":[{"name":"wp","href":"https:\/\/api.w.org\/{rel}","templated":true}]}}