{"id":3976,"date":"2023-11-06T17:12:07","date_gmt":"2023-11-06T16:12:07","guid":{"rendered":"https:\/\/dev.culturalgijonesa.org\/20-aniversariu-del-cineclub-de-la-cultural\/"},"modified":"2023-11-06T17:12:07","modified_gmt":"2023-11-06T16:12:07","slug":"20-aniversariu-del-cineclub-de-la-cultural","status":"publish","type":"post","link":"https:\/\/www.culturalgijonesa.org\/ast\/20-aniversariu-del-cineclub-de-la-cultural\/","title":{"rendered":"20 aniversariu del Cineclub de la Cultural"},"content":{"rendered":"<p>El pas\u00e1u vienres 3 de payares sortiamos dos llotes de llibros y cine ente los y les que participaron nel nuestru concursu de celebraci\u00f3n del vix\u00e9simu aniversariu del Cineclub de la Cultural. Agradecemos a tolos y toles que nos falasteis de la vuestra pel\u00edcula favorita anque los agraciaos pudieren ser dos nam\u00e1s. Aprovechamos tami\u00e9n esti textu para recordavos que les pel\u00edcules d&#8217;estos pr\u00f3simos meses van tar escoy\u00edes ente eses mesmas pel\u00edcules comentaes, asina qu&#8217;esperamos que sirva de esfrute p&#8217;acabar 2023 y empecipiar l&#8217;a\u00f1o que vien cargaos de bon cine.<\/p>\n","protected":false},"excerpt":{"rendered":"<p>El pas\u00e1u vienres 3 de payares sortiamos dos llotes de llibros y cine ente los y les que participaron nel nuestru concursu de celebraci\u00f3n del vix\u00e9simu aniversariu del Cineclub de la Cultural. Agradecemos a tolos y toles que nos falasteis de la vuestra pel\u00edcula favorita anque los agraciaos pudieren ser dos nam\u00e1s. Aprovechamos tami\u00e9n esti [&hellip;]<\/p>\n","protected":false},"author":1,"featured_media":3974,"comment_status":"open","ping_status":"open","sticky":false,"template":"","format":"standard","meta":{"_et_pb_use_builder":"","_et_pb_old_content":"","_et_gb_content_width":"","_vp_format_video_url":"","_vp_image_focal_point":[],"footnotes":""},"categories":[161],"tags":[],"class_list":["post-3976","post","type-post","status-publish","format-standard","has-post-thumbnail","hentry","category-cine-ast"],"aioseo_notices":[],"_links":{"self":[{"href":"https:\/\/www.culturalgijonesa.org\/ast\/wp-json\/wp\/v2\/posts\/3976","targetHints":{"allow":["GET"]}}],"collection":[{"href":"https:\/\/www.culturalgijonesa.org\/ast\/wp-json\/wp\/v2\/posts"}],"about":[{"href":"https:\/\/www.culturalgijonesa.org\/ast\/wp-json\/wp\/v2\/types\/post"}],"author":[{"embeddable":true,"href":"https:\/\/www.culturalgijonesa.org\/ast\/wp-json\/wp\/v2\/users\/1"}],"replies":[{"embeddable":true,"href":"https:\/\/www.culturalgijonesa.org\/ast\/wp-json\/wp\/v2\/comments?post=3976"}],"version-history":[{"count":0,"href":"https:\/\/www.culturalgijonesa.org\/ast\/wp-json\/wp\/v2\/posts\/3976\/revisions"}],"wp:featuredmedia":[{"embeddable":true,"href":"https:\/\/www.culturalgijonesa.org\/ast\/wp-json\/wp\/v2\/media\/3974"}],"wp:attachment":[{"href":"https:\/\/www.culturalgijonesa.org\/ast\/wp-json\/wp\/v2\/media?parent=3976"}],"wp:term":[{"taxonomy":"category","embeddable":true,"href":"https:\/\/www.culturalgijonesa.org\/ast\/wp-json\/wp\/v2\/categories?post=3976"},{"taxonomy":"post_tag","embeddable":true,"href":"https:\/\/www.culturalgijonesa.org\/ast\/wp-json\/wp\/v2\/tags?post=3976"}],"curies":[{"name":"wp","href":"https:\/\/api.w.org\/{rel}","templated":true}]}}