{"id":4099,"date":"2024-01-16T10:46:42","date_gmt":"2024-01-16T09:46:42","guid":{"rendered":"https:\/\/dev.culturalgijonesa.org\/vuelve-a-xixon-el-meyor-cine-clasicu-de-la-mano-de-la-cultural-y-el-ficx-nuna-nueva-edicion-del-cine-club-60\/"},"modified":"2024-01-16T10:46:42","modified_gmt":"2024-01-16T09:46:42","slug":"vuelve-a-xixon-el-meyor-cine-clasicu-de-la-mano-de-la-cultural-y-el-ficx-nuna-nueva-edicion-del-cine-club-60","status":"publish","type":"post","link":"https:\/\/www.culturalgijonesa.org\/ast\/vuelve-a-xixon-el-meyor-cine-clasicu-de-la-mano-de-la-cultural-y-el-ficx-nuna-nueva-edicion-del-cine-club-60\/","title":{"rendered":"VUELVE A XIX\u00d3N EL MEYOR CINE CL\u00c1SICU DE LA MANO DE LA CULTURAL Y EL FICX NUNA NUEVA EDICI\u00d3N DEL CINE CLUB 60"},"content":{"rendered":"<p><iframe loading=\"lazy\" title=\"Cineclub 60 - SCG FICX 2024\" width=\"1080\" height=\"608\" src=\"https:\/\/www.youtube.com\/embed\/qy_emGpBSWw?feature=oembed\"  allow=\"accelerometer; autoplay; clipboard-write; encrypted-media; gyroscope; picture-in-picture; web-share\" allowfullscreen><\/iframe><\/p>\n<p>La Socied\u00e1 Cultural Xixonesa y el FICX anuncien la presentaci\u00f3n de la tercer edici\u00f3n del Cine Club 60. Un a\u00f1u m\u00e1s, esti ciclu de pel\u00edcules clasiques va contar con obres cinematogr\u00e1fiques firmaes por dellos cineastes renomaos de la historia del s\u00e9ptimu arte, directores de la talla de Max Oph\u00fcls, Woody Allen, Charles Chaplin, Luis Bu\u00f1uel, Stanley Kubrick o Ernest Lubitsch ente otros. El programa va acoyer una dolcena de pel\u00edcules en versi\u00f3n orixinal subtitulada \u00a0que se van proyectar dende les 19 hores nel Sal\u00f3n d&#8217;Actos de la Escuela Comercio ente&#8217;l 20 de xineru y el 7 d&#8217;ochobre. Al tiempu, delles proyecciones van cuntar con alcuentros especiales col p\u00fablicu. Esta nueva edici\u00f3n del Cine Club 60 va percorrer dende&#8217;l cine mudu alem\u00e1n m\u00e1s esperimental de los a\u00f1os 20 hasta&#8217;l Manhattan de Woody Allen de finales de los a\u00f1os 70 pasando pel western, el cine negru o la comedia cl\u00e1sica de Oph\u00fcs o Lubitsch y va cuntar cola collaboraci\u00f3n d&#8217;asociaciones de la nuestra ciud\u00e1 como la tertulia feminista &#8220;Les Comadres&#8221;, el Colexu Oficial d&#8217;Arquitectos d&#8217;Asturies o la Socied\u00e1 Cultural Gesto. Toles proyecciones van ser d&#8217;entrada llibre hasta completar l&#8217;aforu.<\/p>\n","protected":false},"excerpt":{"rendered":"<p>La Socied\u00e1 Cultural Xixonesa y el FICX anuncien la presentaci\u00f3n de la tercer edici\u00f3n del Cine Club 60. Un a\u00f1u m\u00e1s, esti ciclu de pel\u00edcules clasiques va contar con obres cinematogr\u00e1fiques firmaes por dellos cineastes renomaos de la historia del s\u00e9ptimu arte, directores de la talla de Max Oph\u00fcls, Woody Allen, Charles Chaplin, Luis Bu\u00f1uel, [&hellip;]<\/p>\n","protected":false},"author":1,"featured_media":4093,"comment_status":"open","ping_status":"open","sticky":false,"template":"","format":"standard","meta":{"_et_pb_use_builder":"","_et_pb_old_content":"","_et_gb_content_width":"","_vp_format_video_url":"","_vp_image_focal_point":[],"footnotes":""},"categories":[154],"tags":[],"class_list":["post-4099","post","type-post","status-publish","format-standard","has-post-thumbnail","hentry","category-uncategorized-ast"],"aioseo_notices":[],"_links":{"self":[{"href":"https:\/\/www.culturalgijonesa.org\/ast\/wp-json\/wp\/v2\/posts\/4099","targetHints":{"allow":["GET"]}}],"collection":[{"href":"https:\/\/www.culturalgijonesa.org\/ast\/wp-json\/wp\/v2\/posts"}],"about":[{"href":"https:\/\/www.culturalgijonesa.org\/ast\/wp-json\/wp\/v2\/types\/post"}],"author":[{"embeddable":true,"href":"https:\/\/www.culturalgijonesa.org\/ast\/wp-json\/wp\/v2\/users\/1"}],"replies":[{"embeddable":true,"href":"https:\/\/www.culturalgijonesa.org\/ast\/wp-json\/wp\/v2\/comments?post=4099"}],"version-history":[{"count":0,"href":"https:\/\/www.culturalgijonesa.org\/ast\/wp-json\/wp\/v2\/posts\/4099\/revisions"}],"wp:featuredmedia":[{"embeddable":true,"href":"https:\/\/www.culturalgijonesa.org\/ast\/wp-json\/wp\/v2\/media\/4093"}],"wp:attachment":[{"href":"https:\/\/www.culturalgijonesa.org\/ast\/wp-json\/wp\/v2\/media?parent=4099"}],"wp:term":[{"taxonomy":"category","embeddable":true,"href":"https:\/\/www.culturalgijonesa.org\/ast\/wp-json\/wp\/v2\/categories?post=4099"},{"taxonomy":"post_tag","embeddable":true,"href":"https:\/\/www.culturalgijonesa.org\/ast\/wp-json\/wp\/v2\/tags?post=4099"}],"curies":[{"name":"wp","href":"https:\/\/api.w.org\/{rel}","templated":true}]}}