{"id":4280,"date":"2024-05-27T11:21:29","date_gmt":"2024-05-27T10:21:29","guid":{"rendered":"https:\/\/dev.culturalgijonesa.org\/pedro-roldan-reelexiu-presidente-de-la-socieda-cultural-xixonesa\/"},"modified":"2024-05-27T11:21:29","modified_gmt":"2024-05-27T10:21:29","slug":"pedro-roldan-reelexiu-presidente-de-la-socieda-cultural-xixonesa","status":"publish","type":"post","link":"https:\/\/www.culturalgijonesa.org\/ast\/pedro-roldan-reelexiu-presidente-de-la-socieda-cultural-xixonesa\/","title":{"rendered":"PEDRO ROLD\u00c1N REELEX\u00cdU PRESIDENTE DE LA SOCIED\u00c1 CULTURAL XIXONESA"},"content":{"rendered":"<h2>La Cultural apuesta pola continuid\u00e1 y pola integraci\u00f3n de les distintes sensibilidaes<\/h2>\n<p>L&#8217;asamblea a\u00f1al de socios y socies de la Socied\u00e1 Cultural Xixonesa reelix\u00f3 pa dos a\u00f1os m\u00e1s a la candidatura encabezada pol actual Presidente de la entid\u00e1 Pedro Rold\u00e1n Garc\u00eda y que cuenta cola continuid\u00e1 de la pr\u00e1ctica totalid\u00e1 del actual equipu directivu de la entid\u00e1. Am\u00e1s los socios y socies aprobaron les cuentes del a\u00f1u 2023 de la entid\u00e1 y una actualizaci\u00f3n de les cuotes. La Cultural fixo l&#8217;a\u00f1u pas\u00e1u m\u00e1s de 60 actividaes ente conferencies, meses redondes, presentaciones de llibros, pel\u00edcules, esposiciones y otres actividaes.<\/p>\n<div>\u00a0<\/div>\n<div>La anovada directiva de l&#8217;asociaci\u00f3n ye la que vien darr\u00e9u:<\/div>\n<div>\u00a0<\/div>\n<div>Presidente:<\/div>\n<div>Pedro Rold\u00e1n Garc\u00eda<\/div>\n<div>\u00a0<\/div>\n<div>Vicepresidenta:<\/div>\n<div>Eva Fern\u00e1ndez Fern\u00e1ndez<\/div>\n<div>\u00a0<\/div>\n<div>Ayalgueru:<\/div>\n<div>Pedro N\u00fa\u00f1ez.<\/div>\n<div>\u00a0<\/div>\n<div>Secretaria:<\/div>\n<div>Sara Fern\u00e1ndez Fern\u00e1ndez.<\/div>\n<div>\u00a0<\/div>\n<div>Vocales:<\/div>\n<div>Rufino Galv\u00e1n &#8220;Luarca&#8221;<\/div>\n<div>Omar Tuero<\/div>\n<div>Ovidio \u00c1lvarez Rozada<\/div>\n<div>Luis Miguel Gonz\u00e1lez<\/div>\n<div>Genma Ares<\/div>\n<div>David Posada<\/div>\n<div>Borja Menendez<\/div>\n<div>Oliverio Cepedal<\/div>\n<div>Sergio Naves.<\/div>\n<div>\u00a0<\/div>\n<div>El diariu dixital Nortes dio cuenta de la reelecci\u00f3n del nuestru presidente. <a href=\"https:\/\/www.nortes.me\/2024\/05\/25\/pedro-roldan-guardian-de-la-cultura-gijonesa\/\">Pues lleelo equ\u00ed<\/a>.<\/div>\n","protected":false},"excerpt":{"rendered":"<p>La Cultural apuesta pola continuid\u00e1 y pola integraci\u00f3n de les distintes sensibilidaes L&#8217;asamblea a\u00f1al de socios y socies de la Socied\u00e1 Cultural Xixonesa reelix\u00f3 pa dos a\u00f1os m\u00e1s a la candidatura encabezada pol actual Presidente de la entid\u00e1 Pedro Rold\u00e1n Garc\u00eda y que cuenta cola continuid\u00e1 de la pr\u00e1ctica totalid\u00e1 del actual equipu directivu de [&hellip;]<\/p>\n","protected":false},"author":1,"featured_media":3136,"comment_status":"open","ping_status":"open","sticky":false,"template":"","format":"standard","meta":{"_et_pb_use_builder":"","_et_pb_old_content":"","_et_gb_content_width":"","_vp_format_video_url":"","_vp_image_focal_point":[],"footnotes":""},"categories":[158,234],"tags":[],"class_list":["post-4280","post","type-post","status-publish","format-standard","has-post-thumbnail","hentry","category-actualidad-ast","category-xixon-ast"],"aioseo_notices":[],"_links":{"self":[{"href":"https:\/\/www.culturalgijonesa.org\/ast\/wp-json\/wp\/v2\/posts\/4280","targetHints":{"allow":["GET"]}}],"collection":[{"href":"https:\/\/www.culturalgijonesa.org\/ast\/wp-json\/wp\/v2\/posts"}],"about":[{"href":"https:\/\/www.culturalgijonesa.org\/ast\/wp-json\/wp\/v2\/types\/post"}],"author":[{"embeddable":true,"href":"https:\/\/www.culturalgijonesa.org\/ast\/wp-json\/wp\/v2\/users\/1"}],"replies":[{"embeddable":true,"href":"https:\/\/www.culturalgijonesa.org\/ast\/wp-json\/wp\/v2\/comments?post=4280"}],"version-history":[{"count":0,"href":"https:\/\/www.culturalgijonesa.org\/ast\/wp-json\/wp\/v2\/posts\/4280\/revisions"}],"wp:featuredmedia":[{"embeddable":true,"href":"https:\/\/www.culturalgijonesa.org\/ast\/wp-json\/wp\/v2\/media\/3136"}],"wp:attachment":[{"href":"https:\/\/www.culturalgijonesa.org\/ast\/wp-json\/wp\/v2\/media?parent=4280"}],"wp:term":[{"taxonomy":"category","embeddable":true,"href":"https:\/\/www.culturalgijonesa.org\/ast\/wp-json\/wp\/v2\/categories?post=4280"},{"taxonomy":"post_tag","embeddable":true,"href":"https:\/\/www.culturalgijonesa.org\/ast\/wp-json\/wp\/v2\/tags?post=4280"}],"curies":[{"name":"wp","href":"https:\/\/api.w.org\/{rel}","templated":true}]}}