{"id":4373,"date":"2024-12-06T13:33:12","date_gmt":"2024-12-06T12:33:12","guid":{"rendered":"https:\/\/dev.culturalgijonesa.org\/javier-arjona-ganador-del-xxxi-premiu-juan-angel-rubio-ballesteros-de-la-cultural\/"},"modified":"2024-12-06T13:33:12","modified_gmt":"2024-12-06T12:33:12","slug":"javier-arjona-ganador-del-xxxi-premiu-juan-angel-rubio-ballesteros-de-la-cultural","status":"publish","type":"post","link":"https:\/\/www.culturalgijonesa.org\/ast\/javier-arjona-ganador-del-xxxi-premiu-juan-angel-rubio-ballesteros-de-la-cultural\/","title":{"rendered":"JAVIER ARJONA, GANADOR DEL XXXI PREMIU JUAN \u00c1NGEL RUBIO BALLESTEROS DE LA CULTURAL"},"content":{"rendered":"<h2>Fallu del Premiu Juan \u00c1ngel Rubio Ballesteros 2024<\/h2>\n<p>La Socied\u00e1 Cultural Xixonesa tien el placer d&#8217;anunciar que&#8217;l Xur\u00e1u del Premiu Xuan \u00c1ngel Rubio 2024, form\u00e1u esti a\u00f1u por Manuel Antonio Fern\u00e1ndez Su\u00e1rez, Secretariu d&#8217;Organizaci\u00f3n d&#8217;UXT de Xix\u00f3n, Carlos Arias Cancio, Presidente de l&#8217;Asociaci\u00f3n de Vecinos de La Calzada, Paloma Llanos Pardo, periodista de SER Xix\u00f3n, Luis Miguel Pi\u00f1era Entrialgo, Cronista Oficial de la Villa de Xix\u00f3n, Gladys Vicente Arias, Secretaria de Memoria Hist\u00f3rica y Laicid\u00e1 del PSOE de Xix\u00f3n en representaci\u00f3n de Maricuela, gallardonada na edici\u00f3n anterior y Antonio Rubio D\u00edaz-Tendero, como representante de la familia Rubio y presid\u00edu por Pedro Rold\u00e1n Garc\u00eda, presidente de la Socied\u00e1 Cultural Xixonesa, decidi\u00f3 otorgar por unanimid\u00e1 esti gallard\u00f3n, que honra la memoria d&#8217;un de los nuestros presidentes m\u00e1s renomaos, a Javier Arjona, de l&#8217;asociaci\u00f3n Soldepaz Pachakuti.<\/p>\n<p>Pa los miembros del xur\u00e1u, Javier Arjona representa&#8217;l trabayu incansable, valiente y humilde polos derechos humanos, non solo nel \u00e1mbitu local sin\u00f3n principalmente en rellaci\u00f3n con conflictos internacionales, siempre a favor del m\u00e1s d\u00e9bil. Esti premiu tien un signific\u00e1u especial puesto que&#8217;l gallardon\u00e1u destac\u00f3 a lo llargo de los a\u00f1os y m\u00e1s ent\u00e1 nesti momentu tan dram\u00e1ticu, pola llucha n&#8217;apoyu al pueblu palest\u00edn.<\/p>\n<p>El gallard\u00f3n ye obra del perconoc\u00edu artista xixon\u00e9s Jes\u00fas Casta\u00f1\u00f3n.<\/p>\n<p>La entrega del premiu va tener llugar el vienres 13 d&#8217;avientu a partir de les 19:00 hores nel local de la Socied\u00e1 Cultural Xixonesa allug\u00e1u na Escuela de Comerciu.<\/p>\n<p>Primero, va entamase un peque\u00f1u homenaxe a los socios y socies que lleven 50 a\u00f1os participando na nuestra entid\u00e1.<\/p>\n<p>&nbsp;<\/p>\n","protected":false},"excerpt":{"rendered":"<p>El xur\u00e1udel XXXI Premiu Juan \u00c1ngel Rubio Ballesteros apaut\u00f3 por unanimid\u00e1 otorgar esti gallard\u00f3n a JAVIER ARJONA en reconocimientu al so compromisu de d\u00e9cades en favor de los colectivos m\u00e1s desfavorec\u00edos de manera solidaria,<\/p>\n","protected":false},"author":1,"featured_media":4371,"comment_status":"open","ping_status":"open","sticky":false,"template":"","format":"standard","meta":{"_et_pb_use_builder":"","_et_pb_old_content":"","_et_gb_content_width":"","_vp_format_video_url":"","_vp_image_focal_point":[],"footnotes":""},"categories":[158,272],"tags":[],"class_list":["post-4373","post","type-post","status-publish","format-standard","has-post-thumbnail","hentry","category-actualidad-ast","category-premios-ballesteros-ast"],"aioseo_notices":[],"_links":{"self":[{"href":"https:\/\/www.culturalgijonesa.org\/ast\/wp-json\/wp\/v2\/posts\/4373","targetHints":{"allow":["GET"]}}],"collection":[{"href":"https:\/\/www.culturalgijonesa.org\/ast\/wp-json\/wp\/v2\/posts"}],"about":[{"href":"https:\/\/www.culturalgijonesa.org\/ast\/wp-json\/wp\/v2\/types\/post"}],"author":[{"embeddable":true,"href":"https:\/\/www.culturalgijonesa.org\/ast\/wp-json\/wp\/v2\/users\/1"}],"replies":[{"embeddable":true,"href":"https:\/\/www.culturalgijonesa.org\/ast\/wp-json\/wp\/v2\/comments?post=4373"}],"version-history":[{"count":0,"href":"https:\/\/www.culturalgijonesa.org\/ast\/wp-json\/wp\/v2\/posts\/4373\/revisions"}],"wp:featuredmedia":[{"embeddable":true,"href":"https:\/\/www.culturalgijonesa.org\/ast\/wp-json\/wp\/v2\/media\/4371"}],"wp:attachment":[{"href":"https:\/\/www.culturalgijonesa.org\/ast\/wp-json\/wp\/v2\/media?parent=4373"}],"wp:term":[{"taxonomy":"category","embeddable":true,"href":"https:\/\/www.culturalgijonesa.org\/ast\/wp-json\/wp\/v2\/categories?post=4373"},{"taxonomy":"post_tag","embeddable":true,"href":"https:\/\/www.culturalgijonesa.org\/ast\/wp-json\/wp\/v2\/tags?post=4373"}],"curies":[{"name":"wp","href":"https:\/\/api.w.org\/{rel}","templated":true}]}}