{"id":4401,"date":"2024-12-19T12:05:37","date_gmt":"2024-12-19T11:05:37","guid":{"rendered":"https:\/\/dev.culturalgijonesa.org\/ofensiva-a-uniovi-la-privada-aterriza-nasturies\/"},"modified":"2024-12-19T12:05:37","modified_gmt":"2024-12-19T11:05:37","slug":"ofensiva-a-uniovi-la-privada-aterriza-nasturies","status":"publish","type":"post","link":"https:\/\/www.culturalgijonesa.org\/ast\/ofensiva-a-uniovi-la-privada-aterriza-nasturies\/","title":{"rendered":"Ofensiva a UniOvi: la privada aterriza n&#8217;Asturies"},"content":{"rendered":"<p class=\"autor\">Soraya Calvo Gonz\u00e1lez, profesora del Dptu. de Ciencies de la Educaci\u00f3n y delegada d&#8217;Isquierda Sindical Asturiana (ISA) na Universid\u00e1 d&#8217;Uvi\u00e9u.<\/p>\n<p>Eva M\u00aa Fern\u00e1ndez Fdez., personal d&#8217;alministraci\u00f3n del Dptu. de Matem\u00e1tiques y delegada d&#8217;Izquierda Sindical Asturiana (ISA) na Universid\u00e1 d&#8217;Uvi\u00e9u.<\/p>\n<p>La selmana pasada&#8217;l diariu asturianu de mayor difusi\u00f3n publicaba&#8217;l sofitu de Princip\u00e1u y Conceyu de Xix\u00f3n a la creaci\u00f3n del primer campus universitariu priv\u00e1u d&#8217;Asturies, pal que la empresa propietaria de la Universid\u00e1 Europea y\u00e1 adquiri\u00f3 una parcela en La Pecuaria pal so desenvolvimientu. En principiu, y siempres seg\u00fan les noticies apaec\u00edes na prensa, son dos empreses les qu&#8217;amosaron inter\u00e9s n&#8217;instalase na nuesa comunid\u00e1 aut\u00f3noma, la Universid\u00e1 Europea y l&#8217;Universid\u00e1 Nebrija, dambes con see central en Madrid. Col so establecimientu Asturies va dexar de ser esa isla d&#8217;educaci\u00f3n p\u00fablica superior ente tantos centros privaos que fueron apaeciendo a lo llargo y anchu del territoriu estatal nestes \u00faltimes d\u00e9cades, al calor de regulaciones favorables y munches vegaes, poques esixencies. Ye importante se\u00f1alar que, na actualid\u00e1, nel Est\u00e1u Espa\u00f1ol, y seg\u00fan datos de la Secretar\u00eda Xeneral d&#8217;Universidaes, esist\u00eden nel cursu 2023\/2024 91 Universidaes qu&#8217;exped\u00eden t\u00edtulos oficiales nel territoriu nacional, de les cualos 50 yeren p\u00fabliques y 41 privaes. Na actualid\u00e1&#8217;l n\u00famberu d&#8217;Universidaes Privaes dependientes d&#8217;empreses ya Ilesia ta n&#8217;aumentu sigu\u00edu por cuenta de la tramitaci\u00f3n y aprobaci\u00f3n de llicencies a nuevos centros en Galicia, Estremadura, Andaluc\u00eda o Baleares, ente otres CCAA. Tamos falando d&#8217;un total de 14 nueves Universidaes qu&#8217;esperen empezar la so docencia nos pr\u00f3ximos meses.<\/p>\n<p>Pa Izquierda Sindical Asturiana (ISA), llue\u00f1e de ser xuna bona noticia, como manifiesten con gayola los gobiernos local y rexonal, ye un asuntu de grave esmolici\u00f3n. Consideramos que les declaraciones de les nueses responsables de pol\u00edtica universitaria aplaudiendo estes inversiones son bien revesoses, ent\u00e1 ye m\u00e1s si tenemos en cuenta la impasividad y inacci\u00f3n na actualid\u00e1 de los complementos auton\u00f3micos del PDI que llevamos esixendo les fuerces sindicales n&#8217;unid\u00e1 nos \u00faltimos meses.<\/p>\n<p>La nuestra Universid\u00e1 p\u00fablica tien munches coses de les que sentise arguyosa. Uniovi xenera&#8217;l 80% de la investigaci\u00f3n realizada en Asturies, un productu empobin\u00e1u a la meyora de la vida de toles persones con un valor p\u00fablicu incalculable. Esto ye posible gracies al esfuerzu d&#8217;un personal con remuneraciones n&#8217;ocasiones precaries y con situaciones d&#8217;inestabilid\u00e1 dilataes nel tiempu. La carrera acad\u00e9mica ye un cam\u00edn de fondu, con munchos a\u00f1os de salarios baxos y un futuru imprevisible pa persones con trabayos de valor social significativu y con una preparaci\u00f3n previa d&#8217;altu nivel. Sueldos bien per debaxo de lo qu&#8217;ufierta&#8217;l merc\u00e1u; y contratos temporales ensin garant\u00edes de estabilizaci\u00f3n. Nun suena abondo competitivo.<\/p>\n<p>Y evidentemente, non too ye investigaci\u00f3n: tami\u00e9n tenemos bon profesor\u00e1u que fai posible que tengamos promociones con persones bien preparaes que munches vegaes tienen que salir d&#8217;Asturies pa demostrar lo que valen.<\/p>\n<p>Somos una Universid\u00e1 enserta nuna Comunid\u00e1 en crisis estructural dende va d\u00e9cades, y a pesar d&#8217;ello les resultancies son positives y tienen fuerza. La ufierta d&#8217;Uniovi caltiense a un nivel m\u00e1s que decente con unos precios por matr\u00edcula de los m\u00e1s baxos, si non los m\u00e1s baxos, de tola xeograf\u00eda espa\u00f1ola. Tou ello, con una poblaci\u00f3n d&#8217;escasu mill\u00f3n d&#8217;habitantes y una proporci\u00f3n de moces que nun remonta dende los 80-90.<\/p>\n<p>La nuestra instituci\u00f3n tien enormes faltes a pesar del contratu de financiamientu tresa\u00f1al, que se robl\u00f3 col Princip\u00e1u y que vien dar un respiru m\u00ednimu. Nun hai m\u00e1s que ver la incapacid\u00e1 d&#8217;atraer docentes en ciertes especialidaes, como inform\u00e1tica o matem\u00e1tiques -\u00bfqui\u00e9n que nun tenga una enorme convencimientu va venir a la Universid\u00e1 si nes empreses p\u00e1guense meyores salarios ensin tener que pasar a\u00f1os de formaci\u00f3n?-, el d\u00e9ficit d&#8217;infraestructures y los problemes en munches de les instalaciones, la falta de la formaci\u00f3n riquida pal reciclaje del personal non docente, etc.<\/p>\n<p>Nesi contestu lleguen les propuestes de les dos empreses educatives privaes, cola Universid\u00e1 Europea como avanzadura en Xix\u00f3n. Pero, \u00bfye necesaria la presencia d&#8217;estes empreses? \u00bfqu\u00e9 complementaried\u00e1 van apurrir si sacantes el d&#8217;Arquitectura tou los t\u00edtulos que se van a impartir t\u00e1n doblaos na nuestra Universid\u00e1? \u00bfqu\u00e9 van apurrir a la socied\u00e1 asturiana? Bonalmente creemos que m\u00e1s bien van restar el valor de lo p\u00fablico.<\/p>\n<p>Ye llamadero que dambes van empezar ufiertando estudios de la ca\u00f1a sanitaria: Enfermer\u00eda y Medicina. Paez que respuenden a una demanda social, anque nun sabemos c\u00f3mo se va a facer frente a les necesidaes que riquen los estudios. Nel casu de Medicina, facultatives y equipos rectorales lleven tiempu alvirtiendo que nun se trata de que falten places nes nueses universidaes, y\u00e1 que somos unu de los pa\u00edses desenvueltos con m\u00e1s facultaes de medicina per habitante. Ye m\u00e1s, l&#8217;Est\u00e1u acaba de financiar esti cursu l&#8217;aumentu de places en facultaes de delles universidaes p\u00fabliques. Ye m\u00e1s bien un problema de falta d&#8217;atracci\u00f3n de ciertes especialidaes, como la medicina de familia.\u00a0 Otru problema ye qu&#8217;estos estudios riquen centros hospitalarios pa realizar pr\u00e1ctiques. Esi aspeutu ye unu de los m\u00e1s costosos porque esixe la dedicaci\u00f3n del personal sanitario a la formaci\u00f3n, que tien de compatibilizar cola activid\u00e1 asistencial. Am\u00e1s, dichos estudios precisen los mesmos espacios hospitalarios.<\/p>\n<p>Ello plantega delles interrogantes, que piden reflex\u00f3n y planificaci\u00f3n. \u00bfPueden los hospitales asturianos absorber y formar a toles persones matriculaes nes distintes facultaes de nuevu cu\u00f1u? \u00bfde qu\u00e9 n\u00famberu d&#8217;alumn\u00e1u tamos falando? \u00bfy qui\u00e9n va pagar? Porque si lo van a pagar les empreses, \u00bfcu\u00e1ntu piensen cobrar al alumn\u00e1u pola matr\u00edcula? Y con too y con ello, ye&#8217;l sistema sanitariu p\u00fablicu&#8217;l que lo va a asumir. \u00bfPodemos tar falando otra vegada d&#8217;una privatizaci\u00f3n de beneficios y de la socializaci\u00f3n de los costos? Paez qu&#8217;esta estratexa respuende a una din\u00e1mica de merc\u00e1u con intereses empobinaos a la privatizaci\u00f3n de la sanid\u00e1 como encl\u00edn global. Hai y\u00e1 d\u00e9cades que la educaci\u00f3n y la sanid\u00e1 convirti\u00e9ronse nun interesante nichu de negociu de too tipu d&#8217;empreses y fondos d&#8217;inversi\u00f3n. Y ese ye l&#8217;oxetivu, bien distintu del inter\u00e9s ciudadanu.<\/p>\n<p>Ent\u00e1 m\u00e1s esmolecedor ye&#8217;l contestu mundial que va permeando adulces en ciertes comunidaes aut\u00f3nomes espa\u00f1oles, que ye afogar econ\u00f3mica progresiva de les universidaes p\u00fabliques. Si la infrafinanciaci\u00f3n era la t\u00f3nica habitual, agora lo que tamos viendo ye directamente la tresferencia lento pero constante de fondos p\u00fablicos a les universidaes privaes. Al mediu plazu, si l&#8217;encl\u00edn sigue, va tener un efectu bien gafu nel nuesu desenvolvimientu como socied\u00e1: la investigaci\u00f3n de base real\u00edzase mayoritariamente en centros p\u00fablicos porque nun tienen una torna econ\u00f3mica inmediatu. La Universid\u00e1 nun ye un centru d&#8217;expedir t\u00edtulos, sin\u00f3n un elementu fundamental dientro de la estratexa de desenvolvimientu ya investigaci\u00f3n de los pa\u00edses. Esto ye especialmente peligrosu si entendemos que la investigaci\u00f3n m\u00e1s rentable dende&#8217;l puntu de vista de merc\u00e1u ye aquella conectada directamente a les empreses, quedando la investigaci\u00f3n b\u00e1sica y l&#8217;investigaci\u00f3n n&#8217;humanidaes, artes, ya inclusive ciencies sociales nun segundu plano y supeditao a l\u00f3xiques mercantilistes.<\/p>\n<p>Un aspeutu importante nel planu sindical ye la situaci\u00f3n del personal a quien se va a contratar. Un personal que les sos condiciones de estabilizaci\u00f3n son cada vez m\u00e1s dures, tocantes a requisitos d&#8217;estancies nel estranxeru, publicaciones y hores de docencia, por un salariu que torga atopar docentes en delles especialidaes. Nun sabemos d&#8217;\u00f3nde se va sacar, qu\u00e9 salarios van percibir, qu\u00e9 condiciones llaborales van tener, o si se van a priorizar los contratos a tiempu parcial y\/o de \u201ccollaboraci\u00f3n\u201d, pr\u00e1ctica habitual nes Universidaes Privaes. Pel momento la \u00fanica norma espl\u00edcita de referencia ye l&#8217;Estatutu de el Trabayadores. Desconocemos si va ser d&#8217;aplicaci\u00f3n dalg\u00fan conveniu colectivu espec\u00edficu, como&#8217;l VIII Conveniu colectivu nacional d&#8217;universidaes privaes. Ye m\u00e1s que probable que&#8217;l personal acabe teniendo una rotaci\u00f3n alta, que nun ye lo meyor pa una instituci\u00f3n educativa como la universitaria. Al personal t\u00e9cnico y alministrativu, nin lo mentamos. Si nes nuestres universidaes siempre se consider\u00f3 como un elementu secundariu, magar la importancia esencial del so trabayu, nun somos facenos una idea de lo que pue ser nestos casos.<\/p>\n<p>Dende ISA nun creemos que la competencia de les privaes vaya ameyorar el sistema, tolo contrario, van ser los mesmos recursos ent\u00e1 m\u00e1s part\u00edos, lo que provoca a les clares l&#8217;aprobetayamientu de la poblaci\u00f3n y de la calid\u00e1 de los servicios. \u00bfO quiciabes daqui\u00e9n cree que les empreses vienen ufiertar inversiones por compromisu con Asturies? Col nuestru tama\u00f1u y pesu econ\u00f3micu tendr\u00edemos d&#8217;apostar ent\u00e1 m\u00e1s por una sola Universid\u00e1 y p\u00fablica, que s\u00eda pa tola ciudadan\u00eda y non y\u00e1 pa quien pueda mercar un t\u00edtulu, y que se convierta de verd\u00e1 nuna ferramienta social de futuru.\u00a0 Abrir la puerta a la irrupci\u00f3n de les Universidaes Privaes na nuestra tierra ye un ataque directu a la Universid\u00e1 d&#8217;Uvi\u00e9u y a tola comunid\u00e1 educativa asturiana.<\/p>\n","protected":false},"excerpt":{"rendered":"<p>Soraya Calvo Gonz\u00e1lez, profesora del Dptu. de Ciencies de la Educaci\u00f3n y delegada d&#8217;Isquierda Sindical Asturiana (ISA) na Universid\u00e1 d&#8217;Uvi\u00e9u. Eva M\u00aa Fern\u00e1ndez Fdez., personal d&#8217;alministraci\u00f3n del Dptu. de Matem\u00e1tiques y delegada d&#8217;Izquierda Sindical Asturiana (ISA) na Universid\u00e1 d&#8217;Uvi\u00e9u. La selmana pasada&#8217;l diariu asturianu de mayor difusi\u00f3n publicaba&#8217;l sofitu de Princip\u00e1u y Conceyu de Xix\u00f3n [&hellip;]<\/p>\n","protected":false},"author":1,"featured_media":4396,"comment_status":"open","ping_status":"open","sticky":false,"template":"","format":"standard","meta":{"_et_pb_use_builder":"","_et_pb_old_content":"","_et_gb_content_width":"","_vp_format_video_url":"","_vp_image_focal_point":[],"footnotes":""},"categories":[308,170],"tags":[],"class_list":["post-4401","post","type-post","status-publish","format-standard","has-post-thumbnail","hentry","category-educacion-ast","category-opinion-ast"],"aioseo_notices":[],"_links":{"self":[{"href":"https:\/\/www.culturalgijonesa.org\/ast\/wp-json\/wp\/v2\/posts\/4401","targetHints":{"allow":["GET"]}}],"collection":[{"href":"https:\/\/www.culturalgijonesa.org\/ast\/wp-json\/wp\/v2\/posts"}],"about":[{"href":"https:\/\/www.culturalgijonesa.org\/ast\/wp-json\/wp\/v2\/types\/post"}],"author":[{"embeddable":true,"href":"https:\/\/www.culturalgijonesa.org\/ast\/wp-json\/wp\/v2\/users\/1"}],"replies":[{"embeddable":true,"href":"https:\/\/www.culturalgijonesa.org\/ast\/wp-json\/wp\/v2\/comments?post=4401"}],"version-history":[{"count":0,"href":"https:\/\/www.culturalgijonesa.org\/ast\/wp-json\/wp\/v2\/posts\/4401\/revisions"}],"wp:featuredmedia":[{"embeddable":true,"href":"https:\/\/www.culturalgijonesa.org\/ast\/wp-json\/wp\/v2\/media\/4396"}],"wp:attachment":[{"href":"https:\/\/www.culturalgijonesa.org\/ast\/wp-json\/wp\/v2\/media?parent=4401"}],"wp:term":[{"taxonomy":"category","embeddable":true,"href":"https:\/\/www.culturalgijonesa.org\/ast\/wp-json\/wp\/v2\/categories?post=4401"},{"taxonomy":"post_tag","embeddable":true,"href":"https:\/\/www.culturalgijonesa.org\/ast\/wp-json\/wp\/v2\/tags?post=4401"}],"curies":[{"name":"wp","href":"https:\/\/api.w.org\/{rel}","templated":true}]}}