{"id":4552,"date":"2025-03-03T15:21:11","date_gmt":"2025-03-03T14:21:11","guid":{"rendered":"https:\/\/www.culturalgijonesa.org\/vuelvel-cine-club-60-de-la-mano-del-ficx-y-de-la-socieda-cultural-xixonesa\/"},"modified":"2025-03-03T15:21:11","modified_gmt":"2025-03-03T14:21:11","slug":"vuelvel-cine-club-60-de-la-mano-del-ficx-y-de-la-socieda-cultural-xixonesa","status":"publish","type":"post","link":"https:\/\/www.culturalgijonesa.org\/ast\/vuelvel-cine-club-60-de-la-mano-del-ficx-y-de-la-socieda-cultural-xixonesa\/","title":{"rendered":"Vuelve&#8217;l Cine Club 60 de la mano del Ficx y de la Socied\u00e1 Cultural Xixonesa"},"content":{"rendered":"\n<p>La Socied\u00e1 Cultural Xixonesa y el FICX anuncien la cuarta edici\u00f3n del ciclu de cl\u00e1sicos cinematogr\u00e1ficos, Cine Club 60. El programa de proyecciones y presentaciones va dar empiezu&#8217;l pr\u00f3ximu 9 de marzu y va estendese hasta finales de mayu ufiertando un total de trelce pel\u00edcules non reci\u00e9n d&#8217;aclamaos cineastes ente los que s&#8217;atopen, ente otros, Billy Wilder, Alfred Hitchcock, Jean-Luc Godard, Ingmar Bergman, Orson Welles, Fred Zinnemann y Chantal Akerman, que la so pel\u00edcula\u00a0Jeanne Dielman, 23, quai du Commerce, 1080 Bruxelles, que se va proxectar durante&#8217;l ciclu, foi catalogada pola prestixosa revista\u00a0Sight &amp; Sound\u00a0como la meyor pel\u00edcula de la hestoria del cine, seg\u00fan la votaci\u00f3n de cr\u00edticos y cineastes de too el mundu.<\/p>\n\n<p>El ciclu nel que collaboren la Filmoteca Espa\u00f1ola, Goethe Institut, XESTU, les Xornaes contra&#8217;l Racismu y la Xenofobia y la Tertulia Feminista de Xix\u00f3n Comadres, repiti programando una pel\u00edcula sorpresa y va cuntar con un alcuentru especial cola directora de la Filmoteca Espa\u00f1ola, Valeria Camporesi. Coles mesmes, el prestixosu escritor y cr\u00edticu de cine Miguel Mar\u00edes volver\u00e1 visitar Xix\u00f3n nel marcu del Cine Club 60 para presentar una de les obres.&#13;\n<\/p>\n\n<p><br\/>Les pel\u00edcules, van proyectase nel Sal\u00f3n d&#8217;Actos de l&#8217;Antigua Escuela de Comercio, con entrada libre hasta completar aforo<\/p>\n","protected":false},"excerpt":{"rendered":"<p>La Socied\u00e1 Cultural Xixonesa y el FICX anuncien la cuarta edici\u00f3n del ciclu de cl\u00e1sicos cinematogr\u00e1ficos, Cine Club 60. El programa de proyecciones y presentaciones va dar empiezu&#8217;l pr\u00f3ximu 9 de marzu y va estendese hasta finales de mayu ufiertando un total de trelce pel\u00edcules non reci\u00e9n d&#8217;aclamaos cineastes ente los que s&#8217;atopen, ente otros, [&hellip;]<\/p>\n","protected":false},"author":1,"featured_media":4550,"comment_status":"open","ping_status":"open","sticky":false,"template":"","format":"standard","meta":{"_et_pb_use_builder":"off","_et_pb_old_content":"","_et_gb_content_width":"","_vp_format_video_url":"","_vp_image_focal_point":[],"footnotes":""},"categories":[271,234],"tags":[],"class_list":["post-4552","post","type-post","status-publish","format-standard","has-post-thumbnail","hentry","category-ficxixon-ast","category-xixon-ast"],"aioseo_notices":[],"_links":{"self":[{"href":"https:\/\/www.culturalgijonesa.org\/ast\/wp-json\/wp\/v2\/posts\/4552","targetHints":{"allow":["GET"]}}],"collection":[{"href":"https:\/\/www.culturalgijonesa.org\/ast\/wp-json\/wp\/v2\/posts"}],"about":[{"href":"https:\/\/www.culturalgijonesa.org\/ast\/wp-json\/wp\/v2\/types\/post"}],"author":[{"embeddable":true,"href":"https:\/\/www.culturalgijonesa.org\/ast\/wp-json\/wp\/v2\/users\/1"}],"replies":[{"embeddable":true,"href":"https:\/\/www.culturalgijonesa.org\/ast\/wp-json\/wp\/v2\/comments?post=4552"}],"version-history":[{"count":1,"href":"https:\/\/www.culturalgijonesa.org\/ast\/wp-json\/wp\/v2\/posts\/4552\/revisions"}],"predecessor-version":[{"id":4553,"href":"https:\/\/www.culturalgijonesa.org\/ast\/wp-json\/wp\/v2\/posts\/4552\/revisions\/4553"}],"wp:featuredmedia":[{"embeddable":true,"href":"https:\/\/www.culturalgijonesa.org\/ast\/wp-json\/wp\/v2\/media\/4550"}],"wp:attachment":[{"href":"https:\/\/www.culturalgijonesa.org\/ast\/wp-json\/wp\/v2\/media?parent=4552"}],"wp:term":[{"taxonomy":"category","embeddable":true,"href":"https:\/\/www.culturalgijonesa.org\/ast\/wp-json\/wp\/v2\/categories?post=4552"},{"taxonomy":"post_tag","embeddable":true,"href":"https:\/\/www.culturalgijonesa.org\/ast\/wp-json\/wp\/v2\/tags?post=4552"}],"curies":[{"name":"wp","href":"https:\/\/api.w.org\/{rel}","templated":true}]}}