{"id":4733,"date":"2025-09-29T18:00:13","date_gmt":"2025-09-29T17:00:13","guid":{"rendered":"https:\/\/www.culturalgijonesa.org\/?p=4733"},"modified":"2025-09-29T18:00:13","modified_gmt":"2025-09-29T17:00:13","slug":"septiembre-2025-cine-aleman-ii-el-pesu-del-pasau","status":"publish","type":"post","link":"https:\/\/www.culturalgijonesa.org\/ast\/septiembre-2025-cine-aleman-ii-el-pesu-del-pasau\/","title":{"rendered":"Septiembre 2025: cine alem\u00e1n II: El pesu del pas\u00e1u"},"content":{"rendered":"<p>Siguimos col ciclu de cine alem\u00e1n, repitiendo&#8217;l nuestru agradecimientu al Insituto Goethe Alem\u00e1n pola so collaboraci\u00f3n.<\/p>\n<p>Nesta ocasi\u00f3n vamos proxectar dos pel\u00edcules realizaes na antigua Rep\u00fablica Federal d&#8217;Alema\u00f1a y\u00e1 nos a\u00f1os 80. Los sos directores, Reiner Werner Fassbinder, fin\u00e1u prematuramente a los 38 a\u00f1os, y Wim Wenders constit\u00fain exemplos significativos del cine alem\u00e1n realiz\u00e1u a partir de los 70. Nes sos pel\u00edcules la hestoria y socied\u00e1 del so pa\u00eds ye casi siempres el tel\u00f3n de fondu, cuando non directamente&#8217;l so protagonista.<\/p>\n<p><strong>Vienres 3<\/strong><\/p>\n<h2><b><img loading=\"lazy\" decoding=\"async\" class=\"wp-image-4727 size-medium alignright\" src=\"https:\/\/www.culturalgijonesa.org\/wp-content\/uploads\/2025\/09\/Lili-Marleen-300x163.jpg\" alt=\"Lili Marleen\" width=\"300\" height=\"163\" \/>Lili Marleen, 1981<br \/>\n<\/b><\/h2>\n<p>Direcci\u00f3n: R.W. Fassbinder<br \/>\nInt\u00e9rpretes: Hanna Schygulla, Giancarlo Giannini, Mel Ferrer<br \/>\nDuraci\u00f3n: 116 min.<br \/>\nNacionalid\u00e1: RFA<\/p>\n<p>Sinopsis:La pel\u00edcula tien como protagonista&#8217;l cantar \u201cLili Marleen\u201d, de fondu signific\u00e1u y\u00e1 que foi aprovechada como elementu de propaganda pol Nazismu. Hanna Schygulla, habitual collaboradora del director, borda&#8217;l papel de la mediocre cantante que convirti\u00f3&#8217;l cantar nun verdaderu \u00e9situ.<\/p>\n<p>Nel so momentu la cr\u00edtica nun se punxo d&#8217;alcuerdu sobro un filme, que sicas\u00ed tuvo un bon percorr\u00edu polos cines independientes y convirti\u00f3se nuna pequena obra de cultu. Quiciabes nun s\u00eda la obra maestra d&#8217;esti amante del melodrama americanu pero consigue retratar la puxanza y la cayida del r\u00e9xime de Hitler, cola guerra ente bastidores.<\/p>\n<p>&nbsp;<\/p>\n<p><strong>Viernes 24<\/strong><\/p>\n<h2><b><img loading=\"lazy\" decoding=\"async\" class=\"wp-image-4731 size-medium alignright\" src=\"https:\/\/www.culturalgijonesa.org\/wp-content\/uploads\/2025\/09\/elcielosobreberlin-300x169.webp\" alt=\"El cielo sobre Berl\u00edn, 1987\" width=\"300\" height=\"169\" \/>El cielu sobre Berl\u00edn<\/b><b>, 1987<\/b><\/h2>\n<p>Direcci\u00f3n: Wim Wenders<br \/>\nInt\u00e9rpretes: Bruno Ganz, Solveig Dommartin, Otto Sander.<br \/>\nDuraci\u00f3n: 127 min.<br \/>\nNacionalid\u00e1: RFA y Francia<\/p>\n<p>Sinopsis: Dos \u00e1ngeles sobrevuelan la ciudad de Berl\u00edn poco antes de que el Muro fuera derribado. Aunque no pueden modificar la vida de los hombres y mujeres, intentan ayudarlos y reconfortarlos en sus momentos de angustia.<\/p>\n<p>Wenders, que resid\u00eda en ese momento en EE.UU. y cuya filmograf\u00eda se hab\u00eda dedicado hasta el momento a revisar los cambios y la influencia americana en Alemania, filma aqu\u00ed una declaraci\u00f3n de amor hacia Berl\u00edn y a los seres humanos en general.<\/p>\n<p><b>(*) Las proyecciones empiecen a les 19:00 h y van proyectase en versi\u00f3n orixinal con subt\u00edtulos en castellano.<\/b><\/p>\n","protected":false},"excerpt":{"rendered":"<p>Siguimos col ciclu de cine alem\u00e1n, repitiendo&#8217;l nuestru agradecimientu al Insituto Goethe Alem\u00e1n pola so collaboraci\u00f3n. Nesta ocasi\u00f3n vamos proxectar dos pel\u00edcules realizaes na antigua Rep\u00fablica Federal d&#8217;Alema\u00f1a y\u00e1 nos a\u00f1os 80. Los sos directores, Reiner Werner Fassbinder, fin\u00e1u prematuramente a los 38 a\u00f1os, y Wim Wenders constit\u00fain exemplos significativos del cine alem\u00e1n realiz\u00e1u a [&hellip;]<\/p>\n","protected":false},"author":1,"featured_media":0,"comment_status":"open","ping_status":"open","sticky":false,"template":"","format":"standard","meta":{"_et_pb_use_builder":"","_et_pb_old_content":"","_et_gb_content_width":"","_vp_format_video_url":"","_vp_image_focal_point":[],"footnotes":""},"categories":[154],"tags":[],"class_list":["post-4733","post","type-post","status-publish","format-standard","hentry","category-uncategorized-ast"],"aioseo_notices":[],"_links":{"self":[{"href":"https:\/\/www.culturalgijonesa.org\/ast\/wp-json\/wp\/v2\/posts\/4733","targetHints":{"allow":["GET"]}}],"collection":[{"href":"https:\/\/www.culturalgijonesa.org\/ast\/wp-json\/wp\/v2\/posts"}],"about":[{"href":"https:\/\/www.culturalgijonesa.org\/ast\/wp-json\/wp\/v2\/types\/post"}],"author":[{"embeddable":true,"href":"https:\/\/www.culturalgijonesa.org\/ast\/wp-json\/wp\/v2\/users\/1"}],"replies":[{"embeddable":true,"href":"https:\/\/www.culturalgijonesa.org\/ast\/wp-json\/wp\/v2\/comments?post=4733"}],"version-history":[{"count":1,"href":"https:\/\/www.culturalgijonesa.org\/ast\/wp-json\/wp\/v2\/posts\/4733\/revisions"}],"predecessor-version":[{"id":4734,"href":"https:\/\/www.culturalgijonesa.org\/ast\/wp-json\/wp\/v2\/posts\/4733\/revisions\/4734"}],"wp:attachment":[{"href":"https:\/\/www.culturalgijonesa.org\/ast\/wp-json\/wp\/v2\/media?parent=4733"}],"wp:term":[{"taxonomy":"category","embeddable":true,"href":"https:\/\/www.culturalgijonesa.org\/ast\/wp-json\/wp\/v2\/categories?post=4733"},{"taxonomy":"post_tag","embeddable":true,"href":"https:\/\/www.culturalgijonesa.org\/ast\/wp-json\/wp\/v2\/tags?post=4733"}],"curies":[{"name":"wp","href":"https:\/\/api.w.org\/{rel}","templated":true}]}}