{"id":4778,"date":"2025-11-19T22:35:16","date_gmt":"2025-11-19T21:35:16","guid":{"rendered":"https:\/\/www.culturalgijonesa.org\/?p=4778"},"modified":"2025-11-19T22:43:10","modified_gmt":"2025-11-19T21:43:10","slug":"confrontar-lodiu-falcatrues-y-mentires-pa-xenerar-mieu","status":"publish","type":"post","link":"https:\/\/www.culturalgijonesa.org\/ast\/confrontar-lodiu-falcatrues-y-mentires-pa-xenerar-mieu\/","title":{"rendered":"Confrontar l&#8217;odiu. Falcatr\u00faes y mentires pa xenerar mieu"},"content":{"rendered":"<p class=\"autor\"><strong>Eva Mar\u00eda Fern\u00e1ndez<\/strong> ye vicepresidenta de la Socied\u00e1 Cultural Xixonesa y vecina d&#8217;El Natahoyo<\/p>\n<p>Escribo como una vecina d&#8217;El Natahoyo avergonzada colo que ta pasando nel barriu. Y ye que cada vez reconozo menos la ciud\u00e1 a la que vine vivir nos a\u00f1os 90, una ciud\u00e1 con un sent\u00edu fuerte d&#8217;identid\u00e1 y de comunid\u00e1, acoyedora y solidaria.<\/p>\n<p>L&#8217;anunciu de la rehabilitaci\u00f3n del Albergue Covadonga y del agospiu provisional de los sos residentes n&#8217;El Natahoyo, entam\u00f3 una campa\u00f1a incomprensible de refugu, na que s&#8217;acolumbra una socied\u00e1 que camina p&#8217;hacia la desintegraci\u00f3n, l&#8217;individualismu fieru y la indecencia. Cuando ent\u00e1 yeremos una ciud\u00e1 obrera, seique porque&#8217;l desemplegu y la probit\u00fa taben mui cerca, naide nun se plantegaba refugar a quien cayera en desgracia. Dalgunos por sentimientos relixosos, otros por convicci\u00f3n pol\u00edtica, pero pocos s&#8217;atrev\u00eden a amosar esa falta d&#8217;empat\u00eda.<\/p>\n<p>\u00bfDe qu\u00e9 tien mieu esa xente qu&#8217;acosa a representantes p\u00fablicos escoy\u00edos democr\u00e1ticamente con una agresivid\u00e1 incomprensible? \u00bfDe que les sos viviendes baxen de preciu? \u00bfDe que los sos f\u00edos y f\u00edes vean una realid\u00e1 social que nunca nun tendr\u00edamos d&#8217;escaecer?<\/p>\n<p>Nun paecen inc\u00f3modos porque la ciud\u00e1 se tresforme nun llugar onde los mozos nun pueden vivir porque ye imposible pagar un arriendu. Tampoco pol espardimientu d&#8217;agospios tur\u00edsticos y los problemes de convivencia qu&#8217;eso puede orixinar. S\u00f3lo-yos molesta la probit\u00fa, cuando fai poco m\u00e1s de diez a\u00f1os munchos y munches de n\u00f3s pudimos ser arrollaos pola crisis financiera y atopanos na mesma situaci\u00f3n de quien g\u00fcei viven nel Albergue.<\/p>\n<p>Nam\u00e1s pido al Ayuntamientu de Xix\u00f3n que nun retr\u00f3ceda y a los mios vecinos y vecines d&#8217;El Natahoyo, que nun se dexen llevar por campa\u00f1es del mieu basaes en falcatr\u00faes y mentires. La socied\u00e1 xixonesa tien la obligaci\u00f3n de confrontar discursos d&#8217;odiu que pretenden la intimidaci\u00f3n verbal y f\u00edsica. Como bien dic\u00eda Edmund Burke, pa que&#8217;l mal trunfe nam\u00e1s ye necesario que les muyeres y los homes bonos nun faigan nada.<\/p>\n","protected":false},"excerpt":{"rendered":"<p>Eva Mar\u00eda Fern\u00e1ndez ye vicepresidenta de la Socied\u00e1 Cultural Xixonesa y vecina d&#8217;El Natahoyo Escribo como una vecina d&#8217;El Natahoyo avergonzada colo que ta pasando nel barriu. Y ye que cada vez reconozo menos la ciud\u00e1 a la que vine vivir nos a\u00f1os 90, una ciud\u00e1 con un sent\u00edu fuerte d&#8217;identid\u00e1 y de comunid\u00e1, acoyedora [&hellip;]<\/p>\n","protected":false},"author":1,"featured_media":2768,"comment_status":"open","ping_status":"open","sticky":false,"template":"","format":"standard","meta":{"_et_pb_use_builder":"","_et_pb_old_content":"","_et_gb_content_width":"","_vp_format_video_url":"","_vp_image_focal_point":[],"footnotes":""},"categories":[170,253],"tags":[],"class_list":["post-4778","post","type-post","status-publish","format-standard","has-post-thumbnail","hentry","category-opinion-ast","category-xixon-ast-2"],"aioseo_notices":[],"_links":{"self":[{"href":"https:\/\/www.culturalgijonesa.org\/ast\/wp-json\/wp\/v2\/posts\/4778","targetHints":{"allow":["GET"]}}],"collection":[{"href":"https:\/\/www.culturalgijonesa.org\/ast\/wp-json\/wp\/v2\/posts"}],"about":[{"href":"https:\/\/www.culturalgijonesa.org\/ast\/wp-json\/wp\/v2\/types\/post"}],"author":[{"embeddable":true,"href":"https:\/\/www.culturalgijonesa.org\/ast\/wp-json\/wp\/v2\/users\/1"}],"replies":[{"embeddable":true,"href":"https:\/\/www.culturalgijonesa.org\/ast\/wp-json\/wp\/v2\/comments?post=4778"}],"version-history":[{"count":3,"href":"https:\/\/www.culturalgijonesa.org\/ast\/wp-json\/wp\/v2\/posts\/4778\/revisions"}],"predecessor-version":[{"id":4782,"href":"https:\/\/www.culturalgijonesa.org\/ast\/wp-json\/wp\/v2\/posts\/4778\/revisions\/4782"}],"wp:featuredmedia":[{"embeddable":true,"href":"https:\/\/www.culturalgijonesa.org\/ast\/wp-json\/wp\/v2\/media\/2768"}],"wp:attachment":[{"href":"https:\/\/www.culturalgijonesa.org\/ast\/wp-json\/wp\/v2\/media?parent=4778"}],"wp:term":[{"taxonomy":"category","embeddable":true,"href":"https:\/\/www.culturalgijonesa.org\/ast\/wp-json\/wp\/v2\/categories?post=4778"},{"taxonomy":"post_tag","embeddable":true,"href":"https:\/\/www.culturalgijonesa.org\/ast\/wp-json\/wp\/v2\/tags?post=4778"}],"curies":[{"name":"wp","href":"https:\/\/api.w.org\/{rel}","templated":true}]}}