{"id":4855,"date":"2025-12-13T16:10:15","date_gmt":"2025-12-13T15:10:15","guid":{"rendered":"https:\/\/www.culturalgijonesa.org\/?p=4855"},"modified":"2025-12-13T16:16:33","modified_gmt":"2025-12-13T15:16:33","slug":"intervencion-del-presidente-de-la-cultural-nel-homenaxe-a-los-socios-que-cumplen-50-anos-de-compromisu-cola-entida","status":"publish","type":"post","link":"https:\/\/www.culturalgijonesa.org\/ast\/intervencion-del-presidente-de-la-cultural-nel-homenaxe-a-los-socios-que-cumplen-50-anos-de-compromisu-cola-entida\/","title":{"rendered":"Intervenci\u00f3n del Presidente de la Cultural nel homenaxe a los socios que cumplen 50 a\u00f1os de compromisu cola entid\u00e1"},"content":{"rendered":"<p class=\"autor\"><strong>Pedro Rold\u00e1n<\/strong> ye&#8217;l presidente de la Cultural Xixonesa<\/p>\n<blockquote><p>\u201cYERA&#8217;L TIEMPU MEYOR, YERA&#8217;L TIEMPU PIOR\u2026\u201d<\/p><\/blockquote>\n<p>Esta frase y l&#8217;empiezu d&#8217;una de les meyores obres de Charles Dickens. Ye sorprendente que&#8217;l niciu d&#8217;una novela escrita hai m\u00e1s de 150 a\u00f1os pueda sonar tan actual y contempor\u00e1nea. G\u00fcei pesie a munches contradicciones y pruyimientos incumpl\u00edos podemos dicir que vivimos el tiempu meyor. Non porque sea perfectu sinon porque llogramos como socied\u00e1 al travi\u00e9s d&#8217;un esfuerzu colectivu de d\u00e9cades construyir un mundu con dellos de los mayores avances de la historia, una socied\u00e1 en paz y llibert\u00e1, onde los niveles d&#8217;iguald\u00e1 ente homes y muyeres algamaron cotes incompletes pero al tiempu nunca vistes. Una socied\u00e1 onde los derechos llaborales, sociales y la conciliaci\u00f3n personal y familiar rexistraron niveles nunca conocidos nun pa\u00eds que part\u00eda d&#8217;una dictadura sin\u00f3nimu de probit\u00fa, miseria y desiguald\u00e1.<\/p>\n<p>Ye&#8217;l tiempu meyor porque pesie a las amenaces medioambientales llogrose un nivel de conciencia en pro de un desarrollu sostenible como en d\u00e9cades nun se conociera. Por toos esos motivos y otros munchos y pesie, insisto, a los importantes retos que ent\u00e1 queden por afrontar podemos dicir mirando p&#8217;atr\u00e1s que vivimos el tiempu meyor.<\/p>\n<p>Sicas\u00ed y como bien narraba Dickens vivimos tami\u00e9n el tiempu pior, tiempu nel que s&#8217;acolumbren escuros y enllenos de \u00f1ubes prietes onde dacuando con troles y verdaes a medies tamos instal\u00e1ndonos nuna socied\u00e1 altamente polarizada onde una violencia larvada acecha los espacios democr\u00e1ticos. Onde l&#8217;odiu y l&#8217;ego\u00edsmu abulten cada vez m\u00e1s aposentaos nel sen de la nuestra socied\u00e1. Onde la desiguald\u00e1 antroxa de falsa llibert\u00e1.<\/p>\n<p>G\u00fcei queremos reivindicar dos cuestiones que nos paecen vitales a la hora d&#8217;afrontar d\u00f3mines complexes y convulses como la que estamos viviendo. En primer llugar la defensa de les grandes idees, la defensa de los grandes principios. Defender les grandes idees, los grandes principios nuna d\u00f3mina dominada pol populismu reaccionariu, la simplificaci\u00f3n de los discursos y la banalizaci\u00f3n de la pol\u00edtica ye verd\u00e1 que abulta dif\u00edcil y enguedeyao, una carga pesada que puede ser un pilancu nel cam\u00edn.<\/p>\n<p>Pero nun nos equivoquemos, son les grandes idees les que nos permitieron travesar los grandes desiertos de les d\u00f3mines onde too paez perd\u00edo, onde ye dif\u00edcil alcontrar un requexu pa la esperanza. Defender les idees, les ideolox\u00edes, los principios en d\u00f3mines onde lo ll\u00edquido paez imponese y el relatu apropi\u00f3se de la pr\u00e1ctica pol\u00edtica ye angua\u00f1o, non ya una necesid\u00e1, sinon un imperativu. Nam\u00e1s las grandes idees nos van permitir trevesar esos eriales p&#8217;algamar les grandes alamees nos que l&#8217;home y la muyer, llibres, van poder construyir una socied\u00e1 meyor.<\/p>\n<p>Pero tami\u00e9n reivindicar la militancia, el compromisu, el papel de toos aquellos homes y muyeres qu&#8217;un d\u00eda dieron un pasu alantre pa dende los piores tiempos ser a construyir el tiempu meyor. G\u00fcei cuando muchos de vosotros t\u00e1is equ\u00ed depu\u00e9s d&#8217;a\u00f1os de militancia y compromisu ye&#8217;l momentu de davos non solo les gracies pol vuestru papel, sinon tami\u00e9n pedivos un esfuerzu postreru pa tornar la vuelta del tiempu pior. Como dic\u00eda aquel del que nun quiero alcordame del nome, \u00a1el que pueda facer que faiga!<\/p>\n<p>Fai falta afitar los espacios de la socied\u00e1 civil que son los espacios de la socied\u00e1 democr\u00e1tica. Poro g\u00fcei tamb\u00e9n queremos felicitar a dos socios qu&#8217;esti a\u00f1o cumplieron mediu sieglu de fidelid\u00e1 cola nuestra entid\u00e1. Creo que ye&#8217;l momentu afechiscu pa renovar el nuestru compromisu non cola Cultural Xixonesa nam\u00e1s, sin\u00f3n cola nuestra ciud\u00e1.<\/p>\n<p>G\u00fcei Francisco Prado Alberdi y Vicente Bernaldo de Quir\u00f3s representen esi compromisu de los que nunca arrenunciaron a la defensa de la llibert\u00e1 y la democracia.<\/p>\n<p>&nbsp;<\/p>\n<p>&nbsp;<\/p>\n","protected":false},"excerpt":{"rendered":"<p>Pedro Rold\u00e1n ye&#8217;l presidente de la Cultural Xixonesa \u201cYERA&#8217;L TIEMPU MEYOR, YERA&#8217;L TIEMPU PIOR\u2026\u201d Esta frase y l&#8217;empiezu d&#8217;una de les meyores obres de Charles Dickens. Ye sorprendente que&#8217;l niciu d&#8217;una novela escrita hai m\u00e1s de 150 a\u00f1os pueda sonar tan actual y contempor\u00e1nea. G\u00fcei pesie a munches contradicciones y pruyimientos incumpl\u00edos podemos dicir que [&hellip;]<\/p>\n","protected":false},"author":1,"featured_media":4853,"comment_status":"open","ping_status":"open","sticky":false,"template":"","format":"standard","meta":{"_et_pb_use_builder":"","_et_pb_old_content":"","_et_gb_content_width":"","_vp_format_video_url":"","_vp_image_focal_point":[],"footnotes":""},"categories":[170,253],"tags":[],"class_list":["post-4855","post","type-post","status-publish","format-standard","has-post-thumbnail","hentry","category-opinion-ast","category-xixon-ast-2"],"aioseo_notices":[],"_links":{"self":[{"href":"https:\/\/www.culturalgijonesa.org\/ast\/wp-json\/wp\/v2\/posts\/4855","targetHints":{"allow":["GET"]}}],"collection":[{"href":"https:\/\/www.culturalgijonesa.org\/ast\/wp-json\/wp\/v2\/posts"}],"about":[{"href":"https:\/\/www.culturalgijonesa.org\/ast\/wp-json\/wp\/v2\/types\/post"}],"author":[{"embeddable":true,"href":"https:\/\/www.culturalgijonesa.org\/ast\/wp-json\/wp\/v2\/users\/1"}],"replies":[{"embeddable":true,"href":"https:\/\/www.culturalgijonesa.org\/ast\/wp-json\/wp\/v2\/comments?post=4855"}],"version-history":[{"count":4,"href":"https:\/\/www.culturalgijonesa.org\/ast\/wp-json\/wp\/v2\/posts\/4855\/revisions"}],"predecessor-version":[{"id":4859,"href":"https:\/\/www.culturalgijonesa.org\/ast\/wp-json\/wp\/v2\/posts\/4855\/revisions\/4859"}],"wp:featuredmedia":[{"embeddable":true,"href":"https:\/\/www.culturalgijonesa.org\/ast\/wp-json\/wp\/v2\/media\/4853"}],"wp:attachment":[{"href":"https:\/\/www.culturalgijonesa.org\/ast\/wp-json\/wp\/v2\/media?parent=4855"}],"wp:term":[{"taxonomy":"category","embeddable":true,"href":"https:\/\/www.culturalgijonesa.org\/ast\/wp-json\/wp\/v2\/categories?post=4855"},{"taxonomy":"post_tag","embeddable":true,"href":"https:\/\/www.culturalgijonesa.org\/ast\/wp-json\/wp\/v2\/tags?post=4855"}],"curies":[{"name":"wp","href":"https:\/\/api.w.org\/{rel}","templated":true}]}}