{"id":4892,"date":"2026-01-12T23:39:53","date_gmt":"2026-01-12T22:39:53","guid":{"rendered":"https:\/\/www.culturalgijonesa.org\/?p=4892"},"modified":"2026-01-12T23:40:23","modified_gmt":"2026-01-12T22:40:23","slug":"el-cine-club-60-vuelve-a-la-escuela-comercio-con-once-grandes-xoyes-del-cine-clasicu-y-modernu-espanol-y-internacional","status":"publish","type":"post","link":"https:\/\/www.culturalgijonesa.org\/ast\/el-cine-club-60-vuelve-a-la-escuela-comercio-con-once-grandes-xoyes-del-cine-clasicu-y-modernu-espanol-y-internacional\/","title":{"rendered":"El Cine Club 60 vuelve a la Escuela Comercio con once grandes xoyes del cine cl\u00e1sicu y modernu espa\u00f1ol y internacional"},"content":{"rendered":"<h2>El ciclu vuelve en 2026 a l&#8217;Antigua Escuela Comercio, con una programaci\u00f3n d&#8217;once cl\u00e1sicos del cine repart\u00edos ente xineru y marzu.<\/h2>\n<h2>Obres ente otros de Kurosawa, Godard, Bresson, Antonioni, Peckinpah y Cecilia Bartolom\u00e9 conformen una propuesta que axunta grandes t\u00edtulos de la cinematograf\u00eda con presentaciones especiales a cargu del escritor y cr\u00edticu de cine Miguel Mar\u00edas y de la Directora de Filmoteca Espa\u00f1ola, Valeria Camporesi<\/h2>\n<h3>La quinta edici\u00f3n de Cine Club 60 rinde homenaxe a Jos\u00e9 Luis Cienfuegos con la programaci\u00f3n de Mouchette, la que fuera una obra especial pal recientemente fin\u00e1u director de la SEMINCI de Valladolid (y anteriormente de los festivales de Sevilla y Xix\u00f3n)<\/h3>\n<p>El Festival Internacional de Cine de Xix\u00f3n y la Socied\u00e1 Cultural Xixonesa presenten la quinta edici\u00f3n de Cine Club 60, el ciclu dedic\u00e1u a revisitar grandes obres de la historia del cine, pens\u00e1u pa fomentar el conocimientu del cine del pas\u00e1u y el pensamientu cr\u00edticu al travi\u00e9s del llinguaxe cinematogr\u00e1ficu.<\/p>\n<p>La programaci\u00f3n entama este s\u00e1badu, 17 de xineru, cola proyecci\u00f3n de Llarga ye la nueche (Odd Man Out) de Carol Reed y va estendese nos meses de febreru y marzu con una seleici\u00f3n d&#8217;once t\u00edtulos que percuerren \u00e9poques distintes, estilos y cinematograf\u00edes. Ente les pel\u00edcules programaes figuren obres fundamentales como Al final de la escapada (\u00c0 bout de souffl\u00e9) de Jean-Luc Godard, Vivir (Ikiru) de Akira Kurosawa, Mouchette de Robert Bresson, Pat Garrett y Billy el Ne\u00f1u de Sam Peckinpah y Breve alcuentru (Brief Encounter) de David Lean, xunto a t\u00edtulos esenciales del cine espa\u00f1ol y llatinoamericanu como \u00a1Vamos, B\u00e1rbara! de Cecilia Bartolom\u00e9, Memories del subdesarrollu de Tom\u00e1s Guti\u00e9rrez-Alea y l&#8217;Inquil\u00edn de Jos\u00e9 Antonio Nieves Conde, de la que se va proyectar una copia restaurada pola Filmoteca Espa\u00f1ola, a partir d&#8217;una versi\u00f3n non censurada que rod\u00f3&#8217;l cineasta en 1993.<\/p>\n<p>Al tiempu, Cine Club 60 va volver a ser un espaciu d&#8217;alcuentru y reflex\u00f3n alredor de\u00a0 les pel\u00edcules proyectaes. Delles sesiones van contar con presentaciones especiales, como la de Pat Garrett y Billy el Ne\u00f1u, a cargu del escritor y cr\u00edticu Miguel Mar\u00edas, o la de L&#8217;inquil\u00edn, que va presentala Valeria Camporesi, directora de la Filmoteca Espa\u00f1ola. El ciclu va incluyir tami\u00e9n una proyecci\u00f3n n&#8217;alcordanza de Jos\u00e9 Luis Cienfuegos cola pel\u00edcula Mouchette, obra esencial pal que fuera director del Festival de Cine de Xix\u00f3n, el Festival de Cine Europ\u00e9u de Sevilla y nos \u00faltimos a\u00f1os la SEMINCI de Valladolid.<\/p>\n<p>La programaci\u00f3n de 2026 va desarrollase ente xineru y marzu nel Sal\u00f3n d&#8217;Actos de l&#8217;Antigua Escuela Comercio, con entrada llibre hasta completar aforu.<\/p>\n<p>El ciclu ent\u00e1malu l&#8217;Ayuntamientu de Xix\u00f3n, Divertia Xix\u00f3n S.A., la Socied\u00e1 Cultural Xixonesa y el Festival Internacional de Cine de Xix\u00f3n, y cuenta cola collaboraci\u00f3n de la Fundaci\u00f3n Municipal de Cultura, Educaci\u00f3n y Universid\u00e1 Popular de\u00a0 Xix\u00f3n, la Filmoteca Espa\u00f1ola, les Xornaes contra&#8217;l racismu y la xenofobia, la Socied\u00e1 Cultural GESTO y la Tertulia feminista de Xix\u00f3n les Comadres.<\/p>\n","protected":false},"excerpt":{"rendered":"<p>El ciclu vuelve en 2026 a l&#8217;Antigua Escuela Comercio, con una programaci\u00f3n d&#8217;once cl\u00e1sicos del cine repart\u00edos ente xineru y marzu. Obres ente otros de Kurosawa, Godard, Bresson, Antonioni, Peckinpah y Cecilia Bartolom\u00e9 conformen una propuesta que axunta grandes t\u00edtulos de la cinematograf\u00eda con presentaciones especiales a cargu del escritor y cr\u00edticu de cine Miguel [&hellip;]<\/p>\n","protected":false},"author":1,"featured_media":4882,"comment_status":"open","ping_status":"open","sticky":false,"template":"","format":"standard","meta":{"_et_pb_use_builder":"","_et_pb_old_content":"","_et_gb_content_width":"","_vp_format_video_url":"","_vp_image_focal_point":[],"footnotes":""},"categories":[161,271,234],"tags":[],"class_list":["post-4892","post","type-post","status-publish","format-standard","has-post-thumbnail","hentry","category-cine-ast","category-ficxixon-ast","category-xixon-ast"],"aioseo_notices":[],"_links":{"self":[{"href":"https:\/\/www.culturalgijonesa.org\/ast\/wp-json\/wp\/v2\/posts\/4892","targetHints":{"allow":["GET"]}}],"collection":[{"href":"https:\/\/www.culturalgijonesa.org\/ast\/wp-json\/wp\/v2\/posts"}],"about":[{"href":"https:\/\/www.culturalgijonesa.org\/ast\/wp-json\/wp\/v2\/types\/post"}],"author":[{"embeddable":true,"href":"https:\/\/www.culturalgijonesa.org\/ast\/wp-json\/wp\/v2\/users\/1"}],"replies":[{"embeddable":true,"href":"https:\/\/www.culturalgijonesa.org\/ast\/wp-json\/wp\/v2\/comments?post=4892"}],"version-history":[{"count":1,"href":"https:\/\/www.culturalgijonesa.org\/ast\/wp-json\/wp\/v2\/posts\/4892\/revisions"}],"predecessor-version":[{"id":4893,"href":"https:\/\/www.culturalgijonesa.org\/ast\/wp-json\/wp\/v2\/posts\/4892\/revisions\/4893"}],"wp:featuredmedia":[{"embeddable":true,"href":"https:\/\/www.culturalgijonesa.org\/ast\/wp-json\/wp\/v2\/media\/4882"}],"wp:attachment":[{"href":"https:\/\/www.culturalgijonesa.org\/ast\/wp-json\/wp\/v2\/media?parent=4892"}],"wp:term":[{"taxonomy":"category","embeddable":true,"href":"https:\/\/www.culturalgijonesa.org\/ast\/wp-json\/wp\/v2\/categories?post=4892"},{"taxonomy":"post_tag","embeddable":true,"href":"https:\/\/www.culturalgijonesa.org\/ast\/wp-json\/wp\/v2\/tags?post=4892"}],"curies":[{"name":"wp","href":"https:\/\/api.w.org\/{rel}","templated":true}]}}