{"id":5009,"date":"2026-04-28T07:22:05","date_gmt":"2026-04-28T06:22:05","guid":{"rendered":"https:\/\/www.culturalgijonesa.org\/?p=5009"},"modified":"2026-04-28T07:22:05","modified_gmt":"2026-04-28T06:22:05","slug":"cuba-despues-de-iran","status":"publish","type":"post","link":"https:\/\/www.culturalgijonesa.org\/ast\/cuba-despues-de-iran\/","title":{"rendered":"Cuba despu\u00e9s de Ir\u00e1n"},"content":{"rendered":"<p class=\"autor\">Manuel Garc\u00eda Fonseca, <strong>&#8220;El Polesu&#8221;<\/strong><\/p>\n<p>Estaos Xun\u00edos, escl\u00e1riese Trump y el so grupu d&#8217;encerriscaos, abandonaron toda referencia a derechu internacional, van usando la fuerza y la prepotencia de forma descarada y creciente. Ensin referise y\u00e1 a les intervenciones b\u00e9liques de les d\u00e9cades anteriores, Trump intervieno ensin nenguna xustificaci\u00f3n llegal en Venezuela, el so presidente sigue encarcel\u00e1u n&#8217;Estaos xun\u00edos; angua\u00f1o intervien, al comp\u00e1s que marca Israel, contra Ir\u00e1n col entamu de bombardeos incesantes y cola amenaza de destruyir la civilizaci\u00f3n iranina, con declaraci\u00f3n espl\u00edcita, ensin respetu dalgunu a lo que la milenaria riqueza cultural de Persia apurre a la civilizaci\u00f3n mundial. Estos d\u00edes la UNESCO vien denunciando la destrucci\u00f3n barbara de los llugares hist\u00f3ricos de la civilizaci\u00f3n persa, patrimonios culturales de la humanid\u00e1.<\/p>\n<p>La fame de dominiu non solo nun ye a quitar la sede con una guerra inacabable, sin\u00f3n que Trump busca facer propios los vieyos prop\u00f3sitos inacabaos, pa que-y valgan de tapadoria pal fracasu de la guerra contra Ir\u00e1n. Va d\u00edes hai enarboli\u00e1u la bandera contra Cuba, doblando les sanciones que lleven 60 a\u00f1os queriendo matar de fame a la poblaci\u00f3n de la isla.<\/p>\n<p>Estes sanciones fueron condergaes repit\u00edes vegaes poles Naciones Xun\u00edes que les consideren otra forma de guerra; sacante dellos estaos como Israel y Ukrania, l&#8217;Asamblea Xeneral de Naciones Xun\u00edes reclama cada a\u00f1u&#8217;l llevantamientu d&#8217;estes sanciones que faen sufrir inmensamente a la poblaci\u00f3n. Dempu\u00e9s del ataque contra Venezuela, les sanciones endureci\u00e9ronse con un embargu total sobro&#8217;l petroleo; imponse la non unviada de petroleo de Venezuela a Cuba; Mexico, que calten\u00eda tradicionalmente bones relaciones con Cuba, nun osa y\u00e1 llevar petroleo a Cuba poles amenaces de sanciones de los Estaos Xun\u00edos. En Cuba&#8217;l suministru de .<br \/>\neletricid\u00e1 ta dafechu colaps\u00e1u ente tiempu, con consecuencies catastr\u00f3fiques pa la vida cotidiana de la poblaci\u00f3n y de la so supervivencia.<\/p>\n<p>Les sanciones secundaries nel campu de la sal\u00fa traen otru esc\u00e1ndalu. Cuba dispon\u00eden d&#8217;un escelente sistema de sal\u00fa y de m\u00e9dicos bien formaos, que taben a disposici\u00f3n de numberosos pa\u00edses d&#8217;Am\u00e9rica llatina y del mundu enteru nos casos de necesid\u00e1. En Calabr\u00eda, n&#8217;Italia, unos 500 m\u00e9dicu cubanos trabayaben a la demanda espl\u00edcito y urxente del gobiernu rexonal. Los Estaos Xun\u00edos primieron al gobiernu italianu pa espulsar a los m\u00e9dicos cubanos, como asocedi\u00f3 en Guatemala so la id\u00e9ntica presi\u00f3n de Los Estaos Xun\u00edos. Estos son solo xuna amuesa del asediu norteamericanu a Cuba.<\/p>\n<p>\u201cAcci\u00f3n contra l&#8217;Odiu\u201d y un conxuntu d&#8217;asociaciones, xuntu con numberoses firmes de personalidaes roblen estos dias un manifiestu denunciando l&#8217;asediu medieval contra Cuba.<\/p>\n<p>Trump ye un personaxe estravagante que devasa lo absurdo; ser\u00eda pa consideralo un llocu despreciable si nun fueren tarrecibles les bravatas y acciones agresives y b\u00e9liques contra pueblos enteros que lleva a cabu, contra les que los ciudadanos pac\u00edficos sent\u00edmonos obligaos a reaccionar<\/p>\n<p>&nbsp;<\/p>\n","protected":false},"excerpt":{"rendered":"<p>Manuel Garc\u00eda Fonseca, &#8220;El Polesu&#8221; Estaos Xun\u00edos, escl\u00e1riese Trump y el so grupu d&#8217;encerriscaos, abandonaron toda referencia a derechu internacional, van usando la fuerza y la prepotencia de forma descarada y creciente. Ensin referise y\u00e1 a les intervenciones b\u00e9liques de les d\u00e9cades anteriores, Trump intervieno ensin nenguna xustificaci\u00f3n llegal en Venezuela, el so presidente sigue [&hellip;]<\/p>\n","protected":false},"author":1,"featured_media":4810,"comment_status":"open","ping_status":"open","sticky":false,"template":"","format":"standard","meta":{"_et_pb_use_builder":"","_et_pb_old_content":"","_et_gb_content_width":"","_vp_format_video_url":"","_vp_image_focal_point":[],"footnotes":""},"categories":[170],"tags":[],"class_list":["post-5009","post","type-post","status-publish","format-standard","has-post-thumbnail","hentry","category-opinion-ast"],"aioseo_notices":[],"_links":{"self":[{"href":"https:\/\/www.culturalgijonesa.org\/ast\/wp-json\/wp\/v2\/posts\/5009","targetHints":{"allow":["GET"]}}],"collection":[{"href":"https:\/\/www.culturalgijonesa.org\/ast\/wp-json\/wp\/v2\/posts"}],"about":[{"href":"https:\/\/www.culturalgijonesa.org\/ast\/wp-json\/wp\/v2\/types\/post"}],"author":[{"embeddable":true,"href":"https:\/\/www.culturalgijonesa.org\/ast\/wp-json\/wp\/v2\/users\/1"}],"replies":[{"embeddable":true,"href":"https:\/\/www.culturalgijonesa.org\/ast\/wp-json\/wp\/v2\/comments?post=5009"}],"version-history":[{"count":1,"href":"https:\/\/www.culturalgijonesa.org\/ast\/wp-json\/wp\/v2\/posts\/5009\/revisions"}],"predecessor-version":[{"id":5010,"href":"https:\/\/www.culturalgijonesa.org\/ast\/wp-json\/wp\/v2\/posts\/5009\/revisions\/5010"}],"wp:featuredmedia":[{"embeddable":true,"href":"https:\/\/www.culturalgijonesa.org\/ast\/wp-json\/wp\/v2\/media\/4810"}],"wp:attachment":[{"href":"https:\/\/www.culturalgijonesa.org\/ast\/wp-json\/wp\/v2\/media?parent=5009"}],"wp:term":[{"taxonomy":"category","embeddable":true,"href":"https:\/\/www.culturalgijonesa.org\/ast\/wp-json\/wp\/v2\/categories?post=5009"},{"taxonomy":"post_tag","embeddable":true,"href":"https:\/\/www.culturalgijonesa.org\/ast\/wp-json\/wp\/v2\/tags?post=5009"}],"curies":[{"name":"wp","href":"https:\/\/api.w.org\/{rel}","templated":true}]}}