{"id":765,"date":"2019-12-25T22:37:21","date_gmt":"2019-12-25T22:37:21","guid":{"rendered":"https:\/\/dev.culturalgijonesa.org\/2019\/12\/25\/percepciones-darantxa-villalba\/"},"modified":"2019-12-25T22:37:21","modified_gmt":"2019-12-25T22:37:21","slug":"percepciones-darantxa-villalba","status":"publish","type":"post","link":"https:\/\/www.culturalgijonesa.org\/ast\/percepciones-darantxa-villalba\/","title":{"rendered":"Percepciones d&#8217;Arantxa Villalba"},"content":{"rendered":"<p>L&#8217;arte d&#8217;Arantxa Villalba caracter\u00edzase pola <strong>combinaci\u00f3n crom\u00e1tica, colores primarios y tintes met\u00e1licos, doraos y plates.<\/strong><\/p>\n<p>Na so obra predomina l&#8217;abstracci\u00f3n, anque dellos de los sos cuadros son figurativos. Diz nun tener influyencies de naide pero reconoz sentise identificada con artistes como <strong>Pollock, Kandinsky o Klimt<\/strong>.<\/p>\n<p>De la so obra comenta, \u201c<em><strong>nun faigo m\u00e1s que tresmitir les mios emociones al travi\u00e9s del color y l&#8217;abstracci\u00f3n\u201d<\/strong><\/em>, alcontr\u00e1ndose angua\u00f1o nun per\u00edodu de fuerte inspiraci\u00f3n, que se tresmite nos sos \u00faltimes obras.<\/p>\n<p>Expuso dende finales de los 90 en centros culturales como la Fundaci\u00f3n Vela Zanetti, el CC Antiguu Institutu, los espacios espositivos de la antigua Caja Espa\u00f1a, en abondos caf\u00e9s alternativos y sales de distintas ciudaes. Ente los sos trabayos profesionales destaca la <strong>decoraci\u00f3n de les oficines Muni en Guinea Ecuatorial.<\/strong><\/p>\n<p>El pas\u00e1u mes de mayu fixo una <strong>exhibici\u00f3n de pintura nel Mus\u00e9u Nicanor Pi\u00f1ole<\/strong> nel D\u00eda Internacional de los Museos.<\/p>\n<p><em>CMI d&#8217;El Llano (C\/R\u00edo de Oro, 37. Xix\u00f3n)<\/em><br \/>\n<em>Del 15\u00a0 al 31 de xinero de 2020<\/em><\/p>\n<h3>Actividaes complementaries<\/h3>\n<h4>Ciclu de cine \u201cArte y cine: la pintura\u201d<\/h4>\n<p>Vienres 3<br \/>\n<strong>El contratu del dibucante<\/strong> <em>(Draughtsman\u2019s Contract)<\/em>, 1982<\/p>\n<p>Vienres 10<br \/>\n<strong>French Cancan,<\/strong> 1955<\/p>\n<p>Vienres 17<br \/>\n<strong>La Marquesa d&#8217;O<\/strong> (<em>La Marquise d\u2019O)<\/em>, 1962<\/p>\n<p>Vienres 24<br \/>\n<strong>La moza de la perla <\/strong>(<em>Girl with a Pearl Earring<\/em>), 2003<\/p>\n<p>Viernes 31<br \/>\n<strong>Los sua\u00f1os d&#8217;Akira Kurosawa <\/strong>(<em>Yume<\/em>), 1990<\/p>\n","protected":false},"excerpt":{"rendered":"<p>L&#8217;arte d&#8217;Arantxa Villalba caracter\u00edzase pola combinaci\u00f3n crom\u00e1tica, colores primarios y tintes met\u00e1licos, doraos y plates. Na so obra predomina l&#8217;abstracci\u00f3n, anque dellos de los sos cuadros son figurativos. Diz nun tener influyencies de naide pero reconoz sentise identificada con artistes como Pollock, Kandinsky o Klimt. De la so obra comenta, \u201cnun faigo m\u00e1s que tresmitir [&hellip;]<\/p>\n","protected":false},"author":1,"featured_media":766,"comment_status":"open","ping_status":"open","sticky":false,"template":"","format":"standard","meta":{"_et_pb_use_builder":"","_et_pb_old_content":"","_et_gb_content_width":"","_vp_format_video_url":"","_vp_image_focal_point":[],"footnotes":""},"categories":[158,161,162],"tags":[],"class_list":["post-765","post","type-post","status-publish","format-standard","has-post-thumbnail","hentry","category-actualidad-ast","category-cine-ast","category-esposiciones"],"aioseo_notices":[],"_links":{"self":[{"href":"https:\/\/www.culturalgijonesa.org\/ast\/wp-json\/wp\/v2\/posts\/765","targetHints":{"allow":["GET"]}}],"collection":[{"href":"https:\/\/www.culturalgijonesa.org\/ast\/wp-json\/wp\/v2\/posts"}],"about":[{"href":"https:\/\/www.culturalgijonesa.org\/ast\/wp-json\/wp\/v2\/types\/post"}],"author":[{"embeddable":true,"href":"https:\/\/www.culturalgijonesa.org\/ast\/wp-json\/wp\/v2\/users\/1"}],"replies":[{"embeddable":true,"href":"https:\/\/www.culturalgijonesa.org\/ast\/wp-json\/wp\/v2\/comments?post=765"}],"version-history":[{"count":0,"href":"https:\/\/www.culturalgijonesa.org\/ast\/wp-json\/wp\/v2\/posts\/765\/revisions"}],"wp:featuredmedia":[{"embeddable":true,"href":"https:\/\/www.culturalgijonesa.org\/ast\/wp-json\/wp\/v2\/media\/766"}],"wp:attachment":[{"href":"https:\/\/www.culturalgijonesa.org\/ast\/wp-json\/wp\/v2\/media?parent=765"}],"wp:term":[{"taxonomy":"category","embeddable":true,"href":"https:\/\/www.culturalgijonesa.org\/ast\/wp-json\/wp\/v2\/categories?post=765"},{"taxonomy":"post_tag","embeddable":true,"href":"https:\/\/www.culturalgijonesa.org\/ast\/wp-json\/wp\/v2\/tags?post=765"}],"curies":[{"name":"wp","href":"https:\/\/api.w.org\/{rel}","templated":true}]}}