{"id":996,"date":"2020-01-13T09:32:47","date_gmt":"2020-01-13T09:32:47","guid":{"rendered":"https:\/\/dev.culturalgijonesa.org\/2020\/01\/13\/deprendiendo-de-xixon-deprendiendo-de-la-cultural\/"},"modified":"2020-01-13T09:32:47","modified_gmt":"2020-01-13T09:32:47","slug":"deprendiendo-de-xixon-deprendiendo-de-la-cultural","status":"publish","type":"post","link":"https:\/\/www.culturalgijonesa.org\/ast\/deprendiendo-de-xixon-deprendiendo-de-la-cultural\/","title":{"rendered":"Deprendiendo de Xix\u00f3n. Deprendiendo de La Cultural"},"content":{"rendered":"<p class=\"autor\"><strong>Diego D\u00edaz<\/strong> ye historiador y directivu de l&#8217;Asociaci\u00f3n Cultural La Ciudadana d&#8217;Uvi\u00e9u<\/p>\n<p>Poques vegaes somos conscientes y valoramos na xusta midida la persistencia na socied\u00e1 asturiana, contra vientu y marea, d&#8217;una masa cr\u00edtico de persones que sostien ese bon pu\u00f1\u00e1u d&#8217;iniciatives culturales, sociales y ciudadanes que siguen alimentando na nuestra tierra espacios de conocencia, alderique y participaci\u00f3n, tan necesarios como la Socied\u00e1 Cultural Xixonesa. A pesar del so avieyamientu, Asturies sigue calteniendo vivu esi filu centenariu de cultura ya ilustraci\u00f3n popular, qu&#8217;arrinca colos Ateneos y les Cases del Pueblu del movimientu obreru anterior a la Guerra Civil, remanez nel inquietu y militante archipi\u00e9lagu cultural del antifranquismo y la Transici\u00f3n, y apruz, angua\u00f1o, na bayura d&#8217;iniciatives que siguen dando distintes formes de batalla por una socied\u00e1 civil viva, activa y comprometida. Pola so activid\u00e1, pola so tradici\u00f3n, pol n\u00famberu de persones acomu\u00f1aes y pol so impactu nos grandes alderiques de la ciud\u00e1 na que s&#8217;asitia, atrever\u00edame a dicir que la Socied\u00e1 Cultural Xixonesa, sigue siendo mediu sieglu dempu\u00e9s de la so fundaci\u00f3n, el buque insinia d&#8217;esa corriente hist\u00f3rica a la que me refiero. La Cultural fai pol\u00edtica ensin ser un part\u00edu pol\u00edticu, y opina de lo que pasa en Xix\u00f3n, de la qu&#8217;entama una conferencia sobro China, la presentaci\u00f3n del \u00faltimu llibru d&#8217;Enric Xuliana, una proyecci\u00f3n de John Ford o una cata de vinos.<\/p>\n<p>Na varied\u00e1 ta&#8217;l gustu, y na transversalidad la clave para trescender guetos y capiyes, y ganar el respetu d&#8217;amplios sectores sociales m\u00e1s all\u00e1 de la mesma tribu. La Cultural llogrolo ensin arrenunciar nunca a ser un espaciu cultural arguyosamente allug\u00e1u na esquierda tresformadora, pero que sabe rellacionase ensin sectarismos col mundu que lu arrodia. Dende Uvi\u00e9u y dende el restu d&#8217;Asturies t\u00f3canos deprender enforma de los nuestros amigos y compa\u00f1eros de Xix\u00f3n nel cam\u00edn de faer de les nuestres asociaciones y entidaes proyectos tan serios y solventes como la Cultural Xixonesa. Superar el minifundismu, tomar en serio lo que tenemos nes manes y aumentar la escala (tami\u00e9n econ\u00f3mica) de les nueses estructures choca coles vieyes inercies, los mieos a lo desconoc\u00edo y toes eses resistencies mentales que tenemos de dir valtando si realmente queremos influyir dende&#8217;l mundu de la cultura na marcha de la socied\u00e1 asturiana nun sent\u00edu progresista y tresformador. Avanzo equ\u00ed delles xeres qu&#8217;esi difusu movimientu cultural asturianu tien delantre \u00e9nte la d\u00e9cada nueva: m\u00e1s implantaci\u00f3n territorial, meyor coordinaci\u00f3n, diversificaci\u00f3n d&#8217;actividaes y modernizaci\u00f3n de la nuesa imaxe y los nuesos conten\u00edos p&#8217;asina tami\u00e9n anovar y remocicar los nuesos p\u00fablicos. Casi too ta por facer na construcci\u00f3n d&#8217;esi polu cultural alternativu a la hexemon\u00eda neolliberal, y faelo pue ser una aventura apasionante.<\/p>\n","protected":false},"excerpt":{"rendered":"<p>Por Diego D\u00edaz, historiador y directivu de l&#8217;Asociaci\u00f3n Cultural La Ciudadana d&#8217;Uvi\u00e9u<\/p>\n","protected":false},"author":1,"featured_media":993,"comment_status":"open","ping_status":"open","sticky":false,"template":"","format":"standard","meta":{"_et_pb_use_builder":"","_et_pb_old_content":"","_et_gb_content_width":"","_vp_format_video_url":"","_vp_image_focal_point":[],"footnotes":""},"categories":[170],"tags":[],"class_list":["post-996","post","type-post","status-publish","format-standard","has-post-thumbnail","hentry","category-opinion-ast"],"aioseo_notices":[],"_links":{"self":[{"href":"https:\/\/www.culturalgijonesa.org\/ast\/wp-json\/wp\/v2\/posts\/996","targetHints":{"allow":["GET"]}}],"collection":[{"href":"https:\/\/www.culturalgijonesa.org\/ast\/wp-json\/wp\/v2\/posts"}],"about":[{"href":"https:\/\/www.culturalgijonesa.org\/ast\/wp-json\/wp\/v2\/types\/post"}],"author":[{"embeddable":true,"href":"https:\/\/www.culturalgijonesa.org\/ast\/wp-json\/wp\/v2\/users\/1"}],"replies":[{"embeddable":true,"href":"https:\/\/www.culturalgijonesa.org\/ast\/wp-json\/wp\/v2\/comments?post=996"}],"version-history":[{"count":0,"href":"https:\/\/www.culturalgijonesa.org\/ast\/wp-json\/wp\/v2\/posts\/996\/revisions"}],"wp:featuredmedia":[{"embeddable":true,"href":"https:\/\/www.culturalgijonesa.org\/ast\/wp-json\/wp\/v2\/media\/993"}],"wp:attachment":[{"href":"https:\/\/www.culturalgijonesa.org\/ast\/wp-json\/wp\/v2\/media?parent=996"}],"wp:term":[{"taxonomy":"category","embeddable":true,"href":"https:\/\/www.culturalgijonesa.org\/ast\/wp-json\/wp\/v2\/categories?post=996"},{"taxonomy":"post_tag","embeddable":true,"href":"https:\/\/www.culturalgijonesa.org\/ast\/wp-json\/wp\/v2\/tags?post=996"}],"curies":[{"name":"wp","href":"https:\/\/api.w.org\/{rel}","templated":true}]}}